{"id":23138,"date":"2025-10-10T03:39:00","date_gmt":"2025-10-10T07:39:00","guid":{"rendered":"https:\/\/entretormentas.com\/?p=23138"},"modified":"2025-10-10T03:39:01","modified_gmt":"2025-10-10T07:39:01","slug":"para-proteger-a-ninos-y-adolescentes-gobierno-moviliza-sus-instituciones-en-san-francisco","status":"publish","type":"post","link":"https:\/\/entretormentas.com\/para-proteger-a-ninos-y-adolescentes-gobierno-moviliza-sus-instituciones-en-san-francisco\/","title":{"rendered":"\u00a1PARA PROTEGER A NI\u00d1OS Y ADOLESCENTES! Gobierno moviliza sus instituciones en San Francisco"},"content":{"rendered":"\n<p><strong>ENTRE TORMENTAS. <\/strong>La gesti\u00f3n municipal de San Francisco, representada por H\u00e9ctor Soto, contin\u00faa enfocada en brindar protecci\u00f3n integral a todos los ni\u00f1os, ni\u00f1as y adolescentes, a trav\u00e9s de la puesta en marcha del \u00abPlan Vulnerabilidad O\u00bb, desplegado en todo el municipio sure\u00f1o, en donde particip\u00f3 un equipo multidisciplinario, con el prop\u00f3sito de abarcar diferentes \u00e1reas de intervenci\u00f3n social, empezando por las calles y avenidas que conforman el Boulevard Virgen de Coromoto de San Francisco.<\/p>\n\n\n\n<p>El objetivo central de esta intervenci\u00f3n social programada por Jos\u00e9 Hern\u00e1ndez, Gerente de Seguridad Ciudadana del municipio San Francisco, radica en atender la problem\u00e1tica constante y consecuente de los ni\u00f1os, ni\u00f1as y adolescentes en estado de vulnerabilidad, mediante un plan de acci\u00f3n que promueva el bienestar de cada familia, con el apoyo y las competencias de cada instituci\u00f3n involucrada.<\/p>\n\n\n\n<figure class=\"wp-block-image size-large\"><img fetchpriority=\"high\" decoding=\"async\" width=\"819\" height=\"1024\" src=\"https:\/\/entretormentas.com\/wp-content\/uploads\/2025\/10\/segu1-819x1024.jpg\" alt=\"\" class=\"wp-image-23139\" srcset=\"https:\/\/entretormentas.com\/wp-content\/uploads\/2025\/10\/segu1-819x1024.jpg 819w, https:\/\/entretormentas.com\/wp-content\/uploads\/2025\/10\/segu1-240x300.jpg 240w, https:\/\/entretormentas.com\/wp-content\/uploads\/2025\/10\/segu1-768x960.jpg 768w, https:\/\/entretormentas.com\/wp-content\/uploads\/2025\/10\/segu1.jpg 1024w\" sizes=\"(max-width: 819px) 100vw, 819px\" \/><\/figure>\n\n\n\n<p>En el abordaje participaron diferentes instituciones gubernamentales encargadas de velar por los derechos de los ni\u00f1os, ni\u00f1as y adolescentes, entre ellos: Concejo Municipal del municipio San Francisco, IDENNA, Guardia del Pueblo, Comdepro, UENNA Polisur, DPDNNA CPNB, Direcci\u00f3n de Comunas de la Alcald\u00eda de San Francisco, Direcci\u00f3n de Prevenci\u00f3n del Delito (DPD), Secretar\u00eda de Prevenci\u00f3n y Promoci\u00f3n Ciudadana del Zulia, Superintendencia Nacional Antidrogas, Ministerio P\u00fablico, Polisur, CPBEZ.<\/p>\n\n\n\n<p>Mar\u00eda Gabriela Aponte, coordinadora estadal de Prevenci\u00f3n del Delito del Ministerio del Poder Popular para Relaciones Interiores Justicia y Paz, inform\u00f3 que hoy iniciaron los abordajes en el municipio San Francisco, con el apoyo de m\u00e1s de 20 instituciones nacionales participantes en dicho operativo. \u00abTenemos ni\u00f1os en situaci\u00f3n de calle en alta y baja permanencia, contamos con el apoyo de los compa\u00f1eros de la casa de abrigo Negra Matea, all\u00ed se les da una medida de emergencia de 24 horas, la cual puede ser ratificada por un mes\u00bb, mientras se establece una soluci\u00f3n permanente a cada caso.<\/p>\n\n\n\n<p>Adem\u00e1s, en este primer despliegue municipal, tambi\u00e9n brindaron apoyo otras instituciones como la Defensor\u00eda del Pueblo, casa de abrigo Negra Matea, Misi\u00f3n Negra Hip\u00f3lita, Gerencia de Prevenci\u00f3n y Promoci\u00f3n Ciudadana del municipio San Francisco, Prensa de la Alcald\u00eda de San Francisco, G.N.B Desur, Senades, Direcci\u00f3n de Educaci\u00f3n del ayuntamiento sure\u00f1o e Imsasur. De esta forma el Gobierno del Alcalde Bolivariano H\u00e9ctor Soto, ratifica su compromiso de atenci\u00f3n social con todos los ciudadanos del municipio sure\u00f1o.<br><strong><em>ET \/ Prensa Alcald\u00eda de San Francisco<\/em><\/strong><\/p>\n","protected":false},"excerpt":{"rendered":"<p>ENTRE TORMENTAS. La gesti\u00f3n municipal de San Francisco, representada por H\u00e9ctor Soto, contin\u00faa enfocada en&#8230;<\/p>\n","protected":false},"author":2,"featured_media":23140,"comment_status":"closed","ping_status":"open","sticky":false,"template":"","format":"standard","meta":{"footnotes":""},"categories":[57,1],"tags":[],"class_list":["post-23138","post","type-post","status-publish","format-standard","has-post-thumbnail","hentry","category-actualidad","category-regionales"],"_links":{"self":[{"href":"https:\/\/entretormentas.com\/index.php?rest_route=\/wp\/v2\/posts\/23138","targetHints":{"allow":["GET"]}}],"collection":[{"href":"https:\/\/entretormentas.com\/index.php?rest_route=\/wp\/v2\/posts"}],"about":[{"href":"https:\/\/entretormentas.com\/index.php?rest_route=\/wp\/v2\/types\/post"}],"author":[{"embeddable":true,"href":"https:\/\/entretormentas.com\/index.php?rest_route=\/wp\/v2\/users\/2"}],"replies":[{"embeddable":true,"href":"https:\/\/entretormentas.com\/index.php?rest_route=%2Fwp%2Fv2%2Fcomments&post=23138"}],"version-history":[{"count":1,"href":"https:\/\/entretormentas.com\/index.php?rest_route=\/wp\/v2\/posts\/23138\/revisions"}],"predecessor-version":[{"id":23141,"href":"https:\/\/entretormentas.com\/index.php?rest_route=\/wp\/v2\/posts\/23138\/revisions\/23141"}],"wp:featuredmedia":[{"embeddable":true,"href":"https:\/\/entretormentas.com\/index.php?rest_route=\/wp\/v2\/media\/23140"}],"wp:attachment":[{"href":"https:\/\/entretormentas.com\/index.php?rest_route=%2Fwp%2Fv2%2Fmedia&parent=23138"}],"wp:term":[{"taxonomy":"category","embeddable":true,"href":"https:\/\/entretormentas.com\/index.php?rest_route=%2Fwp%2Fv2%2Fcategories&post=23138"},{"taxonomy":"post_tag","embeddable":true,"href":"https:\/\/entretormentas.com\/index.php?rest_route=%2Fwp%2Fv2%2Ftags&post=23138"}],"curies":[{"name":"wp","href":"https:\/\/api.w.org\/{rel}","templated":true}]}}