{"id":23149,"date":"2025-10-10T03:51:12","date_gmt":"2025-10-10T07:51:12","guid":{"rendered":"https:\/\/entretormentas.com\/?p=23149"},"modified":"2025-10-10T03:51:12","modified_gmt":"2025-10-10T07:51:12","slug":"en-maracaibo-plaza-jose-marti-y-cantaclaro-se-suman-a-los-espacios-restaurados-por-la-alcaldia","status":"publish","type":"post","link":"https:\/\/entretormentas.com\/en-maracaibo-plaza-jose-marti-y-cantaclaro-se-suman-a-los-espacios-restaurados-por-la-alcaldia\/","title":{"rendered":"\u00a1EN MARACAIBO! Plaza Jos\u00e9 Mart\u00ed y Cantaclaro se suman a los espacios restaurados por la Alcald\u00eda"},"content":{"rendered":"\n<p><strong>ENTRE TORMENTAS.<\/strong> Todos los entes de la alcald\u00eda de Maracaibo se encuentran trabajando en sinergia para restaurar, construir, iluminar y embellecer esta ciudad, y esta vez la Plaza Jos\u00e9 Mart\u00ed y Cantaclaro, ubicadas en la parroquia Coquivacoa, fueron restauradas en un esfuerzo compartido entre el Servicio Desconcentrado de Plazas y Parques (SEDEPAR) y el Servicio Desconcentrado de Cementerios Municipales de Maracaibo (SEDECEMA).<\/p>\n\n\n\n<p>Los trabajos de iluminaci\u00f3n y embellecimiento a estas plazas que se encuentran en la Urbanizaci\u00f3n Irama, ejecutados por estos entes municipales contaron con el apoyo del Instituto Municipal de Ambiente (IMA), para lograr culminar con \u00e9xito su embellecimiento.<\/p>\n\n\n\n<p>El director del SEDECEMA, Alfonso Cede\u00f1o, inform\u00f3 que el objetivo es contribuir con el trabajo de SEDEPAR para revitalizar \u00e1reas verdes de esparcimiento para el disfrute de la comunidad marabina. Los trabajos incluyeron la rehabilitaci\u00f3n de caminer\u00edas, poda de \u00e1rboles, barrido manual, la reactivaci\u00f3n de la iluminaci\u00f3n, desmalezamiento de ambas plazas y sectores adyacentes, pintura de bancas, brocales y de \u00e1reas deportivas, entre otras mejoras significativas.<\/p>\n\n\n\n<figure class=\"wp-block-image size-large\"><img fetchpriority=\"high\" decoding=\"async\" width=\"1024\" height=\"768\" src=\"https:\/\/entretormentas.com\/wp-content\/uploads\/2025\/10\/plazasparques2-1024x768.jpg\" alt=\"\" class=\"wp-image-23150\" srcset=\"https:\/\/entretormentas.com\/wp-content\/uploads\/2025\/10\/plazasparques2-1024x768.jpg 1024w, https:\/\/entretormentas.com\/wp-content\/uploads\/2025\/10\/plazasparques2-300x225.jpg 300w, https:\/\/entretormentas.com\/wp-content\/uploads\/2025\/10\/plazasparques2-768x576.jpg 768w, https:\/\/entretormentas.com\/wp-content\/uploads\/2025\/10\/plazasparques2.jpg 1080w\" sizes=\"(max-width: 1024px) 100vw, 1024px\" \/><\/figure>\n\n\n\n<p>Cede\u00f1o expres\u00f3 que la intervenci\u00f3n articulada de varios entes de la alcald\u00eda dentro de estos espacios de encuentro les devuelve seguridad a los habitantes de la Urbanizaci\u00f3n Irama, \u201cya que por a\u00f1os estuvieron a oscuras, y se suma a la recuperaci\u00f3n de sitios p\u00fablicos emblem\u00e1ticos y de otras plazas de esparcimiento para la poblaci\u00f3n que estaban en total abandono. Estamos atendiendo a la gente siguiendo las orientaciones del ciudadano alcalde bolivariano de la ciudad Giancarlo Di Martino\u201d, puntualiz\u00f3.<\/p>\n\n\n\n<p>Se\u00f1al\u00f3 que estas acciones se vienen desarrollando en el marco de la segunda transformaci\u00f3n del Estado venezolano impulsada por el presidente Nicol\u00e1s Maduro, que se refiere a la ofensiva en el sistema de equipamiento e infraestructura y embellecimiento urbano y espacio p\u00fablico, para la recuperaci\u00f3n integral urbana consolidando el Buen Vivir del pueblo.<br><strong><em>ET \/ Prensa Alcald\u00eda de Maracaibo<\/em><\/strong><\/p>\n","protected":false},"excerpt":{"rendered":"<p>ENTRE TORMENTAS. Todos los entes de la alcald\u00eda de Maracaibo se encuentran trabajando en sinergia&#8230;<\/p>\n","protected":false},"author":2,"featured_media":23151,"comment_status":"closed","ping_status":"open","sticky":false,"template":"","format":"standard","meta":{"footnotes":""},"categories":[57,1],"tags":[],"class_list":["post-23149","post","type-post","status-publish","format-standard","has-post-thumbnail","hentry","category-actualidad","category-regionales"],"_links":{"self":[{"href":"https:\/\/entretormentas.com\/index.php?rest_route=\/wp\/v2\/posts\/23149","targetHints":{"allow":["GET"]}}],"collection":[{"href":"https:\/\/entretormentas.com\/index.php?rest_route=\/wp\/v2\/posts"}],"about":[{"href":"https:\/\/entretormentas.com\/index.php?rest_route=\/wp\/v2\/types\/post"}],"author":[{"embeddable":true,"href":"https:\/\/entretormentas.com\/index.php?rest_route=\/wp\/v2\/users\/2"}],"replies":[{"embeddable":true,"href":"https:\/\/entretormentas.com\/index.php?rest_route=%2Fwp%2Fv2%2Fcomments&post=23149"}],"version-history":[{"count":1,"href":"https:\/\/entretormentas.com\/index.php?rest_route=\/wp\/v2\/posts\/23149\/revisions"}],"predecessor-version":[{"id":23152,"href":"https:\/\/entretormentas.com\/index.php?rest_route=\/wp\/v2\/posts\/23149\/revisions\/23152"}],"wp:featuredmedia":[{"embeddable":true,"href":"https:\/\/entretormentas.com\/index.php?rest_route=\/wp\/v2\/media\/23151"}],"wp:attachment":[{"href":"https:\/\/entretormentas.com\/index.php?rest_route=%2Fwp%2Fv2%2Fmedia&parent=23149"}],"wp:term":[{"taxonomy":"category","embeddable":true,"href":"https:\/\/entretormentas.com\/index.php?rest_route=%2Fwp%2Fv2%2Fcategories&post=23149"},{"taxonomy":"post_tag","embeddable":true,"href":"https:\/\/entretormentas.com\/index.php?rest_route=%2Fwp%2Fv2%2Ftags&post=23149"}],"curies":[{"name":"wp","href":"https:\/\/api.w.org\/{rel}","templated":true}]}}