{"id":23157,"date":"2025-10-10T03:58:49","date_gmt":"2025-10-10T07:58:49","guid":{"rendered":"https:\/\/entretormentas.com\/?p=23157"},"modified":"2025-10-10T03:58:50","modified_gmt":"2025-10-10T07:58:50","slug":"por-la-paz-y-la-vida-alcaldia-se-suma-a-la-jornada-de-reforestacion-nacional-en-la-vereda-del-lago","status":"publish","type":"post","link":"https:\/\/entretormentas.com\/por-la-paz-y-la-vida-alcaldia-se-suma-a-la-jornada-de-reforestacion-nacional-en-la-vereda-del-lago\/","title":{"rendered":"\u00a1POR LA PAZ Y LA VIDA! Alcald\u00eda se suma a la \u00abJornada de reforestaci\u00f3n nacional\u00bb en la Vereda del Lago"},"content":{"rendered":"\n<p><strong>ENTRE TORMENTAS.<\/strong> Los espacios de la Vereda del Lago, pulm\u00f3n natural de Maracaibo, se cubrieron de verde, con la Jornada Nacional de Reforestaci\u00f3n por la Paz y por la Vida, promovida por la Alcald\u00eda de Maracaibo.<\/p>\n\n\n\n<p>Siete ejemplares de las especies nativas; apamate, caro caro, almendr\u00f3n, matarat\u00f3n y otros, fueron sembrados en la Vereda del Lago, durante una jornada caracterizada por la alegr\u00eda y el entusiasmo de diversas organizaciones ambientalistas, as\u00ed como el equipo de la Vereda del Lago, Jard\u00edn Bot\u00e1nico de Maracaibo y Club de Leones Maracaibo.<\/p>\n\n\n\n<p>Jeimi Petit, directora (e) de la Vereda del Lago resalt\u00f3 el car\u00e1cter ambientalista y pac\u00edfico de la actividad, \u201ccon esta jornada promovemos la paz y al mismo tiempo preservamos nuestro ambiente\u201d, dijo la funcionaria.<\/p>\n\n\n\n<figure class=\"wp-block-image size-large\"><img fetchpriority=\"high\" decoding=\"async\" width=\"845\" height=\"1024\" src=\"https:\/\/entretormentas.com\/wp-content\/uploads\/2025\/10\/sembradio1-845x1024.jpg\" alt=\"\" class=\"wp-image-23158\" srcset=\"https:\/\/entretormentas.com\/wp-content\/uploads\/2025\/10\/sembradio1-845x1024.jpg 845w, https:\/\/entretormentas.com\/wp-content\/uploads\/2025\/10\/sembradio1-248x300.jpg 248w, https:\/\/entretormentas.com\/wp-content\/uploads\/2025\/10\/sembradio1-768x931.jpg 768w, https:\/\/entretormentas.com\/wp-content\/uploads\/2025\/10\/sembradio1.jpg 854w\" sizes=\"(max-width: 845px) 100vw, 845px\" \/><\/figure>\n\n\n\n<p>Hasta ahora en la vereda, han sido sembrados m\u00e1s de 60 \u00e1rboles nativos, as\u00ed lo explic\u00f3 Carolina Mora, directora del Jard\u00edn Bot\u00e1nico de Maracaibo, \u201cac\u00e1 hemos plantado \u00e1rboles adaptados al ecosistema de bosque seco tropical, que estimamos alcanzar\u00e1n altura de vivero en un a\u00f1o o a\u00f1o y medio\u201d.<\/p>\n\n\n\n<p>La jornada cont\u00f3 adem\u00e1s con la participaci\u00f3n de los equipos de Tranv\u00eda Maracaibo, la Fundaci\u00f3n Fondo Municipal de Financiamiento de Proyectos y Desarrollos Tur\u00edsticos (Fomutur), Jard\u00edn Bot\u00e1nico, Club de Leones, entre otros.<\/p>\n\n\n\n<p>La reforestaci\u00f3n se desarrolla en todo el pa\u00eds en atenci\u00f3n a las pol\u00edticas ambientalistas del gobierno bolivariano, que establece como uno de sus fundamentos, la protecci\u00f3n del ecosistema y la vida.<br><strong><em>ET \/ Prensa Alcald\u00eda de Maracaibo<\/em><\/strong><\/p>\n","protected":false},"excerpt":{"rendered":"<p>ENTRE TORMENTAS. Los espacios de la Vereda del Lago, pulm\u00f3n natural de Maracaibo, se cubrieron&#8230;<\/p>\n","protected":false},"author":2,"featured_media":23159,"comment_status":"closed","ping_status":"open","sticky":false,"template":"","format":"standard","meta":{"footnotes":""},"categories":[57,1],"tags":[],"class_list":["post-23157","post","type-post","status-publish","format-standard","has-post-thumbnail","hentry","category-actualidad","category-regionales"],"_links":{"self":[{"href":"https:\/\/entretormentas.com\/index.php?rest_route=\/wp\/v2\/posts\/23157","targetHints":{"allow":["GET"]}}],"collection":[{"href":"https:\/\/entretormentas.com\/index.php?rest_route=\/wp\/v2\/posts"}],"about":[{"href":"https:\/\/entretormentas.com\/index.php?rest_route=\/wp\/v2\/types\/post"}],"author":[{"embeddable":true,"href":"https:\/\/entretormentas.com\/index.php?rest_route=\/wp\/v2\/users\/2"}],"replies":[{"embeddable":true,"href":"https:\/\/entretormentas.com\/index.php?rest_route=%2Fwp%2Fv2%2Fcomments&post=23157"}],"version-history":[{"count":1,"href":"https:\/\/entretormentas.com\/index.php?rest_route=\/wp\/v2\/posts\/23157\/revisions"}],"predecessor-version":[{"id":23160,"href":"https:\/\/entretormentas.com\/index.php?rest_route=\/wp\/v2\/posts\/23157\/revisions\/23160"}],"wp:featuredmedia":[{"embeddable":true,"href":"https:\/\/entretormentas.com\/index.php?rest_route=\/wp\/v2\/media\/23159"}],"wp:attachment":[{"href":"https:\/\/entretormentas.com\/index.php?rest_route=%2Fwp%2Fv2%2Fmedia&parent=23157"}],"wp:term":[{"taxonomy":"category","embeddable":true,"href":"https:\/\/entretormentas.com\/index.php?rest_route=%2Fwp%2Fv2%2Fcategories&post=23157"},{"taxonomy":"post_tag","embeddable":true,"href":"https:\/\/entretormentas.com\/index.php?rest_route=%2Fwp%2Fv2%2Ftags&post=23157"}],"curies":[{"name":"wp","href":"https:\/\/api.w.org\/{rel}","templated":true}]}}