{"id":23165,"date":"2025-10-10T04:06:50","date_gmt":"2025-10-10T08:06:50","guid":{"rendered":"https:\/\/entretormentas.com\/?p=23165"},"modified":"2025-10-10T04:06:50","modified_gmt":"2025-10-10T08:06:50","slug":"ana-clara-de-di-martino-nuestra-gestion-recupera-plazas-y-arboriza-la-ciudad","status":"publish","type":"post","link":"https:\/\/entretormentas.com\/ana-clara-de-di-martino-nuestra-gestion-recupera-plazas-y-arboriza-la-ciudad\/","title":{"rendered":"ANA CLARA DE DI MARTINO: \u201cNuestra gesti\u00f3n recupera plazas y arboriza la ciudad\u201d"},"content":{"rendered":"\n<p><strong>ENTRE TORMENTAS. <\/strong>La primera dama del municipio y directora de Desarrollo Social de la Alcald\u00eda de Maracaibo, Ana Clara Barboza de Di Martino, destac\u00f3 este mi\u00e9rcoles el compromiso de la gesti\u00f3n municipal con la recuperaci\u00f3n de espacios p\u00fablicos y la reforestaci\u00f3n urbana, durante el acto de entrega de las plazas Antonio Jos\u00e9 de Sucre y Jun\u00edn, ubicadas en las parroquias Bol\u00edvar y Santa Luc\u00eda.<\/p>\n\n\n\n<p>\u201cNuestra gesti\u00f3n recupera plazas y arboriza la ciudad. El alcalde Giancarlo Di Martino entrega todos los d\u00edas espacios renovados, bellos y llenos de vida, para el disfrute de las familias marabinas\u201d, expres\u00f3 la funcionaria durante el evento.<\/p>\n\n\n\n<p>Estas obras forman parte del plan de transformaci\u00f3n urbana impulsado por la Alcald\u00eda de Maracaibo que lidera Di Martino, quien en apenas cuarenta d\u00edas de gesti\u00f3n ha entregado las plazas Antonio Jos\u00e9 de Sucre, Jun\u00edn, El Jazm\u00edn, San Rafael, Luis H\u00f3mez, Paul Harris, J\u00f3vito Villalba y Louis Braille, mientras que m\u00e1s de cuarenta plazas adicionales se encuentran actualmente en proceso de renovaci\u00f3n.<\/p>\n\n\n\n<p>Con la intervenci\u00f3n de m\u00e1s de tres mil 300 metros cuadrados por parte de Sedepar, las plazas Sucre y Jun\u00edn recibieron mejoras integrales que incluyeron reforestaci\u00f3n, instalaci\u00f3n de sistemas de riego, pintura, iluminaci\u00f3n y mobiliario urbano.<\/p>\n\n\n\n<figure class=\"wp-block-image size-large\"><img fetchpriority=\"high\" decoding=\"async\" width=\"768\" height=\"1024\" src=\"https:\/\/entretormentas.com\/wp-content\/uploads\/2025\/10\/ana1-768x1024.jpg\" alt=\"\" class=\"wp-image-23166\" srcset=\"https:\/\/entretormentas.com\/wp-content\/uploads\/2025\/10\/ana1-768x1024.jpg 768w, https:\/\/entretormentas.com\/wp-content\/uploads\/2025\/10\/ana1-225x300.jpg 225w, https:\/\/entretormentas.com\/wp-content\/uploads\/2025\/10\/ana1.jpg 960w\" sizes=\"(max-width: 768px) 100vw, 768px\" \/><\/figure>\n\n\n\n<p><strong>PLAN NACIONAL DE REFORESTACI\u00d3N<\/strong><br>En cuanto al Congreso Mundial en Defensa de la Madre Tierra y la gran jornada de reforestaci\u00f3n nacional la Dra. Ana Clara de Di Martino explic\u00f3 que est\u00e1 iniciativa es impulsada por el presidente Nicol\u00e1s Maduro, con el objetivo de recuperar \u00e1reas verdes, tan necesarias para el planeta y sus habitantes.<\/p>\n\n\n\n<p>En el caso Maracaibo esta reforestaci\u00f3n permite proveer de sombra, mitigar las altas temperaturas y crear espacios de encuentro ciudadano.<br>\u201cEstamos sembrando lo que en un futuro ser\u00e1 nuestra sombra y nuestro resguardo frente al calor. Recuperamos cada espacio verde de Maracaibo con un sentido humano y social\u201d, afirm\u00f3.<\/p>\n\n\n\n<p>La directora de Desarrollo Social subray\u00f3 que estas acciones forman parte de un plan integral para devolver a Maracaibo espacios seguros, limpios y funcionales, que promuevan la paz, la unidad y la convivencia familiar.<\/p>\n\n\n\n<p>\u201cMaracaibo avanza hacia el objetivo de convertirse en la primera ciudad de Venezuela. El trabajo no se detiene; cada d\u00eda damos pasos firmes en el cumplimiento de las promesas hechas en campa\u00f1a\u201d, concluy\u00f3.<br><strong><em>ET \/ Prensa Alcald\u00eda de Maracaibo<\/em><\/strong><\/p>\n\n\n\n<p><\/p>\n","protected":false},"excerpt":{"rendered":"<p>ENTRE TORMENTAS. La primera dama del municipio y directora de Desarrollo Social de la Alcald\u00eda&#8230;<\/p>\n","protected":false},"author":2,"featured_media":23167,"comment_status":"closed","ping_status":"open","sticky":false,"template":"","format":"standard","meta":{"footnotes":""},"categories":[57,1],"tags":[],"class_list":["post-23165","post","type-post","status-publish","format-standard","has-post-thumbnail","hentry","category-actualidad","category-regionales"],"_links":{"self":[{"href":"https:\/\/entretormentas.com\/index.php?rest_route=\/wp\/v2\/posts\/23165","targetHints":{"allow":["GET"]}}],"collection":[{"href":"https:\/\/entretormentas.com\/index.php?rest_route=\/wp\/v2\/posts"}],"about":[{"href":"https:\/\/entretormentas.com\/index.php?rest_route=\/wp\/v2\/types\/post"}],"author":[{"embeddable":true,"href":"https:\/\/entretormentas.com\/index.php?rest_route=\/wp\/v2\/users\/2"}],"replies":[{"embeddable":true,"href":"https:\/\/entretormentas.com\/index.php?rest_route=%2Fwp%2Fv2%2Fcomments&post=23165"}],"version-history":[{"count":1,"href":"https:\/\/entretormentas.com\/index.php?rest_route=\/wp\/v2\/posts\/23165\/revisions"}],"predecessor-version":[{"id":23168,"href":"https:\/\/entretormentas.com\/index.php?rest_route=\/wp\/v2\/posts\/23165\/revisions\/23168"}],"wp:featuredmedia":[{"embeddable":true,"href":"https:\/\/entretormentas.com\/index.php?rest_route=\/wp\/v2\/media\/23167"}],"wp:attachment":[{"href":"https:\/\/entretormentas.com\/index.php?rest_route=%2Fwp%2Fv2%2Fmedia&parent=23165"}],"wp:term":[{"taxonomy":"category","embeddable":true,"href":"https:\/\/entretormentas.com\/index.php?rest_route=%2Fwp%2Fv2%2Fcategories&post=23165"},{"taxonomy":"post_tag","embeddable":true,"href":"https:\/\/entretormentas.com\/index.php?rest_route=%2Fwp%2Fv2%2Ftags&post=23165"}],"curies":[{"name":"wp","href":"https:\/\/api.w.org\/{rel}","templated":true}]}}