{"id":23172,"date":"2025-10-10T04:13:18","date_gmt":"2025-10-10T08:13:18","guid":{"rendered":"https:\/\/entretormentas.com\/?p=23172"},"modified":"2025-10-10T04:13:19","modified_gmt":"2025-10-10T08:13:19","slug":"vialidad-y-orden-labores-de-demarcacion-vial-en-maracaibo-avanzan-para-una-movilidad-eficiente","status":"publish","type":"post","link":"https:\/\/entretormentas.com\/vialidad-y-orden-labores-de-demarcacion-vial-en-maracaibo-avanzan-para-una-movilidad-eficiente\/","title":{"rendered":"\u00a1VIALIDAD Y ORDEN! Labores de demarcaci\u00f3n vial en Maracaibo avanzan para una movilidad eficiente"},"content":{"rendered":"\n<p><strong>ENTRE TORMENTAS. <\/strong>La alcald\u00eda de Maracaibo, realiza labores de demarcaci\u00f3n vial en la ciudad a trav\u00e9s del Instituto Municipal de Transporte Colectivo y Urbano del Municipio Maracaibo (IMTCUMA), en conjunto con el Instituto Nacional de Transporte Terrestre, en las principales arterias viales que conforman el municipio, con el fin de mejorar la vialidad y el orden en la ciudad.<\/p>\n\n\n\n<p>El presidente (e) del IMTCUMA, Rafael L\u00e1rez, inform\u00f3 que el desarrollo de estas obras tiene lugar en las avenidas Cecilio Acosta, Delicias, calle 78 Dr. Portillo y m\u00e1s recientemente la calle 100, com\u00fanmente conocida como Av. Libertador. \u201cSe utiliza pintura de tr\u00e1fico tipo A, con Base Termopl\u00e1stica y Microesfera de vidrio que genera retroreflectividad y garantiza durabilidad y resistencia a condiciones clim\u00e1ticas extremas\u201d.<\/p>\n\n\n\n<p>Agreg\u00f3 que adicionalmente la pintura termopl\u00e1stica contiene una base alqu\u00eddica y la pintura de tr\u00e1fico color blanco tiene componentes de s\u00f3lidos, pigmentos y di\u00f3xido de titanio.<\/p>\n\n\n\n<figure class=\"wp-block-image size-large\"><img fetchpriority=\"high\" decoding=\"async\" width=\"1024\" height=\"768\" src=\"https:\/\/entretormentas.com\/wp-content\/uploads\/2025\/10\/demarcado2-1024x768.jpg\" alt=\"\" class=\"wp-image-23173\" srcset=\"https:\/\/entretormentas.com\/wp-content\/uploads\/2025\/10\/demarcado2-1024x768.jpg 1024w, https:\/\/entretormentas.com\/wp-content\/uploads\/2025\/10\/demarcado2-300x225.jpg 300w, https:\/\/entretormentas.com\/wp-content\/uploads\/2025\/10\/demarcado2-768x576.jpg 768w, https:\/\/entretormentas.com\/wp-content\/uploads\/2025\/10\/demarcado2.jpg 1080w\" sizes=\"(max-width: 1024px) 100vw, 1024px\" \/><\/figure>\n\n\n\n<p>Indic\u00f3 el presidente del IMTCUMA que los trabajos realizados son para el beneficio de la ciudad y de los habitantes y tienen como objetivo mejorar la seguridad vial de la zona, disminuir el congestionamiento de veh\u00edculos en el \u00e1rea y crear una mejor experiencia para la movilidad de los usuarios que transiten por la avenida.<\/p>\n\n\n\n<p>Con estas acciones la alcald\u00eda de Maracaibo contin\u00faa dando calidad de vida a los usuarios y usuarias, brindando mayor seguridad en las v\u00edas gracias a la se\u00f1alizaci\u00f3n de pasos peatonales, l\u00edneas de cruces, brocales y marcaje preventivo, lo cual contribuye a disminuir el congestionamiento de veh\u00edculos y crear una mejor experiencia para la movilidad de los veh\u00edculos y personas que transitan por calles y avenidas.<\/p>\n\n\n\n<p>Estos trabajos reflejan el compromiso de las autoridades regionales y municipales con la seguridad y el bienestar urbano de la ciudad, lineamientos del gobierno Bolivariano del presidente Nicol\u00e1s Maduro Moros para el bienestar del pueblo.<br><strong><em>ET \/ Prensa Alcald\u00eda de Maracaibo<\/em><\/strong><\/p>\n","protected":false},"excerpt":{"rendered":"<p>ENTRE TORMENTAS. La alcald\u00eda de Maracaibo, realiza labores de demarcaci\u00f3n vial en la ciudad a&#8230;<\/p>\n","protected":false},"author":2,"featured_media":23174,"comment_status":"closed","ping_status":"open","sticky":false,"template":"","format":"standard","meta":{"footnotes":""},"categories":[57,1],"tags":[],"class_list":["post-23172","post","type-post","status-publish","format-standard","has-post-thumbnail","hentry","category-actualidad","category-regionales"],"_links":{"self":[{"href":"https:\/\/entretormentas.com\/index.php?rest_route=\/wp\/v2\/posts\/23172","targetHints":{"allow":["GET"]}}],"collection":[{"href":"https:\/\/entretormentas.com\/index.php?rest_route=\/wp\/v2\/posts"}],"about":[{"href":"https:\/\/entretormentas.com\/index.php?rest_route=\/wp\/v2\/types\/post"}],"author":[{"embeddable":true,"href":"https:\/\/entretormentas.com\/index.php?rest_route=\/wp\/v2\/users\/2"}],"replies":[{"embeddable":true,"href":"https:\/\/entretormentas.com\/index.php?rest_route=%2Fwp%2Fv2%2Fcomments&post=23172"}],"version-history":[{"count":1,"href":"https:\/\/entretormentas.com\/index.php?rest_route=\/wp\/v2\/posts\/23172\/revisions"}],"predecessor-version":[{"id":23175,"href":"https:\/\/entretormentas.com\/index.php?rest_route=\/wp\/v2\/posts\/23172\/revisions\/23175"}],"wp:featuredmedia":[{"embeddable":true,"href":"https:\/\/entretormentas.com\/index.php?rest_route=\/wp\/v2\/media\/23174"}],"wp:attachment":[{"href":"https:\/\/entretormentas.com\/index.php?rest_route=%2Fwp%2Fv2%2Fmedia&parent=23172"}],"wp:term":[{"taxonomy":"category","embeddable":true,"href":"https:\/\/entretormentas.com\/index.php?rest_route=%2Fwp%2Fv2%2Fcategories&post=23172"},{"taxonomy":"post_tag","embeddable":true,"href":"https:\/\/entretormentas.com\/index.php?rest_route=%2Fwp%2Fv2%2Ftags&post=23172"}],"curies":[{"name":"wp","href":"https:\/\/api.w.org\/{rel}","templated":true}]}}