{"id":23179,"date":"2025-10-10T04:20:13","date_gmt":"2025-10-10T08:20:13","guid":{"rendered":"https:\/\/entretormentas.com\/?p=23179"},"modified":"2025-10-10T04:20:14","modified_gmt":"2025-10-10T08:20:14","slug":"con-caldera-al-frentemision-cuadrantes-de-paz-se-consolida-con-la-participacion-de-los-circuitos-comunales","status":"publish","type":"post","link":"https:\/\/entretormentas.com\/con-caldera-al-frentemision-cuadrantes-de-paz-se-consolida-con-la-participacion-de-los-circuitos-comunales\/","title":{"rendered":"\u00a1CON CALDERA AL FRENTE!^Misi\u00f3n Cuadrantes de Paz se consolida con la participaci\u00f3n de los circuitos comunales"},"content":{"rendered":"\n<p><strong>ENTRE TORMENTAS. <\/strong>Con la participaci\u00f3n protag\u00f3nica de los circuitos comunales, la Misi\u00f3n Cuadrantes de Paz se consolida en el estado Zulia, donde de 303 cuadrantes conformados en la regi\u00f3n pasaron a 576, constituyendo un m\u00e9todo perfecto que adem\u00e1s de preservar la armon\u00eda y la convivencia, fortalece la seguridad interna mediante acciones popular-militar-policial.<\/p>\n\n\n\n<p>En este sentido, este jueves 9 de octubre, el gobernador del Zulia, Luis Caldera y el comisionado estadal de la Gran Misi\u00f3n Cuadrantes de Paz en la entidad, general Alexander Ch\u00e1vez, instalaron una mesa multidisciplinaria con la participaci\u00f3n de los 124 circuitos comunales y comunas de Maracaibo, para articular la l\u00ednea de trabajo de atenci\u00f3n directa en las y con las comunidades.<\/p>\n\n\n\n<figure class=\"wp-block-image size-large\"><img fetchpriority=\"high\" decoding=\"async\" width=\"1024\" height=\"768\" src=\"https:\/\/entretormentas.com\/wp-content\/uploads\/2025\/10\/lcseguro2-1024x768.jpg\" alt=\"\" class=\"wp-image-23180\" srcset=\"https:\/\/entretormentas.com\/wp-content\/uploads\/2025\/10\/lcseguro2-1024x768.jpg 1024w, https:\/\/entretormentas.com\/wp-content\/uploads\/2025\/10\/lcseguro2-300x225.jpg 300w, https:\/\/entretormentas.com\/wp-content\/uploads\/2025\/10\/lcseguro2-768x576.jpg 768w, https:\/\/entretormentas.com\/wp-content\/uploads\/2025\/10\/lcseguro2.jpg 1280w\" sizes=\"(max-width: 1024px) 100vw, 1024px\" \/><\/figure>\n\n\n\n<p>El gobernador Caldera destac\u00f3 que en el caso de la capital zuliana se pas\u00f3 de tener 91 cuadrantes a 124 cuadrantes de paz y que el total de los 576 conformados en el territorio zuliano, cuentan con sus salas de autogobierno.<\/p>\n\n\n\n<p>El encuentro multidisciplinario sirvi\u00f3 para tratar sobre las realidades de cada parroquia en materia de servicios b\u00e1sicos, como la cantidad de drenajes superficiales, el n\u00famero de ca\u00f1adas que son causa de inundaci\u00f3n en comunidades; el \u00edndice delictivo y cu\u00e1les son las zonas y horas en los que se registran, las cuales, puntualiz\u00f3 el mandatario regional, \u201cen el estado siguen bajando gracias a la acci\u00f3n del Gobierno Bolivariano del presidente Nicol\u00e1s Maduro y del ministro del Poder Popular para las Relaciones Interiores, Justicia y Paz, Diosdado Cabello\u201d.<\/p>\n\n\n\n<p>\u201cEstamos garantizando una articulaci\u00f3n en el territorio con las escuelas, con los centros de salud, los centros deportivos. De esta forma se consolida la Misi\u00f3n Cuadrante de Paz en el Zulia, sobre todo en una zona binacional de paz n\u00famero uno, que es el Zulia con el T\u00e1chira. Por eso las Unidades Comunales de Milicia, tienen esta preminencia, la participaci\u00f3n del jefe del \u00e1rea de Defensa Integral (ADI), de las Bases Populares de Defensa Integral (BPDI), de la Milicia Nacional Bolivariana y todo este llamado que ha hecho el presidente Maduro para la defensa integral del pa\u00eds\u201d, declar\u00f3.<\/p>\n\n\n\n<figure class=\"wp-block-image size-large\"><img decoding=\"async\" width=\"1024\" height=\"768\" src=\"https:\/\/entretormentas.com\/wp-content\/uploads\/2025\/10\/lcseguro3-1024x768.jpg\" alt=\"\" class=\"wp-image-23181\" srcset=\"https:\/\/entretormentas.com\/wp-content\/uploads\/2025\/10\/lcseguro3-1024x768.jpg 1024w, https:\/\/entretormentas.com\/wp-content\/uploads\/2025\/10\/lcseguro3-300x225.jpg 300w, https:\/\/entretormentas.com\/wp-content\/uploads\/2025\/10\/lcseguro3-768x576.jpg 768w, https:\/\/entretormentas.com\/wp-content\/uploads\/2025\/10\/lcseguro3.jpg 1280w\" sizes=\"(max-width: 1024px) 100vw, 1024px\" \/><\/figure>\n\n\n\n<p>Esta mesa multidisciplinaria se estar\u00e1 desplegando en todos los municipios zulianos, continuando con San Francisco hasta cubrir los ejes territoriales de la regi\u00f3n \u201cpara cuidar la paz, la soberan\u00eda, junto al poder popular que est\u00e1 al frente de esta m\u00e1xima acci\u00f3n\u201d.<\/p>\n\n\n\n<p>El comisionado en el Zulia de la Gran Misi\u00f3n Cuadrantes de Paz, general Ch\u00e1vez, resalt\u00f3 esta fusi\u00f3n con el Poder Popular dentro de los circuitos comunales: \u201cEsta es una fusi\u00f3n total del funcionario y ciudadano dentro de sus circuitos comunales, para la atenci\u00f3n de todas sus necesidades, en materia de salud, educaci\u00f3n, amor mayor, ni\u00f1os, ni\u00f1as, adolescentes, esa persona que tenga alg\u00fan tipo de problema de alumbrado, servicios p\u00fablicos\u201d.<\/p>\n\n\n\n<p>Puntualiz\u00f3 que el incremento de los Cuadrantes de Paz en fusi\u00f3n con los Circuitos Comunales tendr\u00e1 controlada todas esas necesidades que puedan tener ah\u00ed adentro de los territorios, para la paz, la seguridad y la tranquilidad del pueblo.<br><strong><em>ET \/ Nota de Prensa<\/em><\/strong><\/p>\n\n\n\n<p><\/p>\n","protected":false},"excerpt":{"rendered":"<p>ENTRE TORMENTAS. Con la participaci\u00f3n protag\u00f3nica de los circuitos comunales, la Misi\u00f3n Cuadrantes de Paz&#8230;<\/p>\n","protected":false},"author":2,"featured_media":23182,"comment_status":"closed","ping_status":"open","sticky":false,"template":"","format":"standard","meta":{"footnotes":""},"categories":[57,1],"tags":[],"class_list":["post-23179","post","type-post","status-publish","format-standard","has-post-thumbnail","hentry","category-actualidad","category-regionales"],"_links":{"self":[{"href":"https:\/\/entretormentas.com\/index.php?rest_route=\/wp\/v2\/posts\/23179","targetHints":{"allow":["GET"]}}],"collection":[{"href":"https:\/\/entretormentas.com\/index.php?rest_route=\/wp\/v2\/posts"}],"about":[{"href":"https:\/\/entretormentas.com\/index.php?rest_route=\/wp\/v2\/types\/post"}],"author":[{"embeddable":true,"href":"https:\/\/entretormentas.com\/index.php?rest_route=\/wp\/v2\/users\/2"}],"replies":[{"embeddable":true,"href":"https:\/\/entretormentas.com\/index.php?rest_route=%2Fwp%2Fv2%2Fcomments&post=23179"}],"version-history":[{"count":1,"href":"https:\/\/entretormentas.com\/index.php?rest_route=\/wp\/v2\/posts\/23179\/revisions"}],"predecessor-version":[{"id":23183,"href":"https:\/\/entretormentas.com\/index.php?rest_route=\/wp\/v2\/posts\/23179\/revisions\/23183"}],"wp:featuredmedia":[{"embeddable":true,"href":"https:\/\/entretormentas.com\/index.php?rest_route=\/wp\/v2\/media\/23182"}],"wp:attachment":[{"href":"https:\/\/entretormentas.com\/index.php?rest_route=%2Fwp%2Fv2%2Fmedia&parent=23179"}],"wp:term":[{"taxonomy":"category","embeddable":true,"href":"https:\/\/entretormentas.com\/index.php?rest_route=%2Fwp%2Fv2%2Fcategories&post=23179"},{"taxonomy":"post_tag","embeddable":true,"href":"https:\/\/entretormentas.com\/index.php?rest_route=%2Fwp%2Fv2%2Ftags&post=23179"}],"curies":[{"name":"wp","href":"https:\/\/api.w.org\/{rel}","templated":true}]}}