{"id":23203,"date":"2025-10-10T09:26:51","date_gmt":"2025-10-10T13:26:51","guid":{"rendered":"https:\/\/entretormentas.com\/?p=23203"},"modified":"2025-10-10T09:26:51","modified_gmt":"2025-10-10T13:26:51","slug":"lider-de-la-oposicion-en-venezuela-maria-corina-machado-gana-el-premio-nobel-de-la-paz","status":"publish","type":"post","link":"https:\/\/entretormentas.com\/lider-de-la-oposicion-en-venezuela-maria-corina-machado-gana-el-premio-nobel-de-la-paz\/","title":{"rendered":"\u00a1L\u00cdDER DE LA OPOSICI\u00d3N EN VENEZUELA! Mar\u00eda Corina Machado gana el premio N\u00f3bel de la Paz"},"content":{"rendered":"\n<p><\/p>\n\n\n\n<p>ENTRE TORMENTAS. El Comit\u00e9 Noruego del Nobel elogi\u00f3 este viernes a la ganadora del galard\u00f3n de la Paz, la venezolana Mar\u00eda Corina Machado, como una \u201cfigura clave unificadora\u201d de la oposici\u00f3n en un pa\u00eds convertido \u201cen un Estado brutal y autoritario\u201d.<\/p>\n\n\n\n<p>La l\u00edder opositora venezolana Mar\u00eda Corina Machado fue galardonada con el premio Nobel de la Paz, anunci\u00f3 el Comit\u00e9 Noruego del Nobel. Machado fue premiada \u201cpor su incansable trabajo de promoci\u00f3n de los derechos democr\u00e1ticos para el pueblo de Venezuela, y por su lucha por lograr una transici\u00f3n justa y pac\u00edfica de la dictadura a la democracia\u201d, anunci\u00f3 el presidente del comit\u00e9, Jorgen Watne Frydnes.<\/p>\n\n\n\n<p>Tal como esperaban los observadores, el premio se le escap\u00f3 as\u00ed al presidente estadounidense Donald Trump, que manifest\u00f3 de forma reiterada su deseo de verse galardonado con el Nobel de la Paz, como lo fuera su predecesor dem\u00f3crata Barack Obama.<\/p>\n\n\n\n<p>\u201cEs uno de los ejemplos m\u00e1s extraordinarios del coraje civil en Am\u00e9rica Latina en tiempos recientes\u201d, destac\u00f3 el presidente del Comit\u00e9 sobre la venezolana. Seg\u00fan \u00e9l, Mar\u00eda Corina Machado, que vive en la clandestinidad, se ha impuesto como \u201cuna figura clave unificadora en una oposici\u00f3n pol\u00edtica que antes estuvo profundamente dividida\u201d y que ahora exige \u201celecciones libres y un gobierno representativo\u201d.<\/p>\n\n\n\n<p>\u201cPese a enfrentar serias amenazas, ha permanecido en el pa\u00eds, una elecci\u00f3n que ha inspirado a millones\u201d, agreg\u00f3 el presidente Comit\u00e9 Noruego del Nobel, quien estim\u00f3 que Venezuela \u201cha evolucionado de un pa\u00eds pr\u00f3spero y relativamente democr\u00e1tico a un Estado brutal y autoritario\u201d.<\/p>\n\n\n\n<p>Recientemente, Machado, de 58 a\u00f1os, manifest\u00f3 su respaldo al despliegue militar de Estados Unidos en el Caribe, que el gobierno de Maduro tach\u00f3 de \u201camenaza\u201d. \u201cFalta muy poco para que los venezolanos recuperemos nuestra soberan\u00eda y la democracia. Estamos listos para asumir las riendas del nuevo gobierno\u201d, dijo Machado en septiembre.<\/p>\n\n\n\n<figure class=\"wp-block-image size-large\"><img fetchpriority=\"high\" decoding=\"async\" width=\"1024\" height=\"1017\" src=\"https:\/\/entretormentas.com\/wp-content\/uploads\/2025\/10\/image-1024x1017.png\" alt=\"\" class=\"wp-image-23204\" srcset=\"https:\/\/entretormentas.com\/wp-content\/uploads\/2025\/10\/image-1024x1017.png 1024w, https:\/\/entretormentas.com\/wp-content\/uploads\/2025\/10\/image-300x298.png 300w, https:\/\/entretormentas.com\/wp-content\/uploads\/2025\/10\/image-150x150.png 150w, https:\/\/entretormentas.com\/wp-content\/uploads\/2025\/10\/image-768x763.png 768w, https:\/\/entretormentas.com\/wp-content\/uploads\/2025\/10\/image.png 1080w\" sizes=\"(max-width: 1024px) 100vw, 1024px\" \/><\/figure>\n\n\n\n<p>La opositora vive en la clandestinidad desde despu\u00e9s de las elecciones presidenciales de julio de 2024, en las que Maduro reivindic\u00f3 la victoria pese a las denuncias de fraude de sus rivales.<\/p>\n\n\n\n<p>El a\u00f1o pasado, el prestigioso galard\u00f3n fue para el grupo antinuclear japon\u00e9s Nihon Hidankyo, un movimiento promovido por supervivientes de las bombas de Hiroshima y Nagasaki.<\/p>\n\n\n\n<p>El premio, que se entregar\u00e1 el 10 de diciembre en Oslo, consiste en una medalla de oro, un diploma y una suma de 1,2 millones de d\u00f3lares.<br>ET \/ Agencias<\/p>\n","protected":false},"excerpt":{"rendered":"<p>ENTRE TORMENTAS. El Comit\u00e9 Noruego del Nobel elogi\u00f3 este viernes a la ganadora del galard\u00f3n&#8230;<\/p>\n","protected":false},"author":2,"featured_media":23205,"comment_status":"closed","ping_status":"open","sticky":false,"template":"","format":"standard","meta":{"footnotes":""},"categories":[56,49],"tags":[],"class_list":["post-23203","post","type-post","status-publish","format-standard","has-post-thumbnail","hentry","category-destacadas","category-nacionales"],"_links":{"self":[{"href":"https:\/\/entretormentas.com\/index.php?rest_route=\/wp\/v2\/posts\/23203","targetHints":{"allow":["GET"]}}],"collection":[{"href":"https:\/\/entretormentas.com\/index.php?rest_route=\/wp\/v2\/posts"}],"about":[{"href":"https:\/\/entretormentas.com\/index.php?rest_route=\/wp\/v2\/types\/post"}],"author":[{"embeddable":true,"href":"https:\/\/entretormentas.com\/index.php?rest_route=\/wp\/v2\/users\/2"}],"replies":[{"embeddable":true,"href":"https:\/\/entretormentas.com\/index.php?rest_route=%2Fwp%2Fv2%2Fcomments&post=23203"}],"version-history":[{"count":1,"href":"https:\/\/entretormentas.com\/index.php?rest_route=\/wp\/v2\/posts\/23203\/revisions"}],"predecessor-version":[{"id":23206,"href":"https:\/\/entretormentas.com\/index.php?rest_route=\/wp\/v2\/posts\/23203\/revisions\/23206"}],"wp:featuredmedia":[{"embeddable":true,"href":"https:\/\/entretormentas.com\/index.php?rest_route=\/wp\/v2\/media\/23205"}],"wp:attachment":[{"href":"https:\/\/entretormentas.com\/index.php?rest_route=%2Fwp%2Fv2%2Fmedia&parent=23203"}],"wp:term":[{"taxonomy":"category","embeddable":true,"href":"https:\/\/entretormentas.com\/index.php?rest_route=%2Fwp%2Fv2%2Fcategories&post=23203"},{"taxonomy":"post_tag","embeddable":true,"href":"https:\/\/entretormentas.com\/index.php?rest_route=%2Fwp%2Fv2%2Ftags&post=23203"}],"curies":[{"name":"wp","href":"https:\/\/api.w.org\/{rel}","templated":true}]}}