{"id":23207,"date":"2025-10-11T06:16:49","date_gmt":"2025-10-11T10:16:49","guid":{"rendered":"https:\/\/entretormentas.com\/?p=23207"},"modified":"2025-10-11T06:16:50","modified_gmt":"2025-10-11T10:16:50","slug":"jornada-de-atencion-veterinaria-el-programa-el-ministerio-publico-defiende-tu-mascota-llega-a-san-francisco","status":"publish","type":"post","link":"https:\/\/entretormentas.com\/jornada-de-atencion-veterinaria-el-programa-el-ministerio-publico-defiende-tu-mascota-llega-a-san-francisco\/","title":{"rendered":"\u00a1JORNADA DE ATENCI\u00d3N VETERINARIA! El programa \u00abEl Ministerio P\u00fablico Defiende tu mascota\u201d llega a San Francisco"},"content":{"rendered":"\n<p><strong>ENTRE TORMENTAS. <\/strong>Desde las instalaciones de la cancha \u201cJes\u00fas Ram\u00f3n Solano\u201d de la Alcald\u00eda del municipio San Francisco, se llev\u00f3 a cabo una jornada de atenci\u00f3n veterinaria para las mascotas del municipio, a trav\u00e9s del programa \u201cEl Ministerio P\u00fablico Defiende Tu Mascota\u201d junto a los equipos de Misi\u00f3n Nevado y la Unidad Municipal de Protecci\u00f3n Animal San Francisco de As\u00eds (Umpasfa)<\/p>\n\n\n\n<p>Fernanda Isea, directora de Umpasfa y enlace municipal de la Misi\u00f3n Nevado, expres\u00f3: \u201cCon esta jornada esperamos atender m\u00e1s de 100 mascotas, con servicios de consulta veterinaria, desparasitaci\u00f3n, vacuna antirr\u00e1bica, corte de u\u00f1as y limpieza de o\u00eddos. Agradecemos al equipo del Ministerio P\u00fablico y a la Misi\u00f3n Nevado por permitir estas jornadas en el municipio, que garantizan la protecci\u00f3n de nuestros amigos peludos\u201d.<\/p>\n\n\n\n<figure class=\"wp-block-image size-large\"><img fetchpriority=\"high\" decoding=\"async\" width=\"1024\" height=\"768\" src=\"https:\/\/entretormentas.com\/wp-content\/uploads\/2025\/10\/SURMASCO3-1024x768.jpg\" alt=\"\" class=\"wp-image-23208\" srcset=\"https:\/\/entretormentas.com\/wp-content\/uploads\/2025\/10\/SURMASCO3-1024x768.jpg 1024w, https:\/\/entretormentas.com\/wp-content\/uploads\/2025\/10\/SURMASCO3-300x225.jpg 300w, https:\/\/entretormentas.com\/wp-content\/uploads\/2025\/10\/SURMASCO3-768x576.jpg 768w, https:\/\/entretormentas.com\/wp-content\/uploads\/2025\/10\/SURMASCO3.jpg 1080w\" sizes=\"(max-width: 1024px) 100vw, 1024px\" \/><\/figure>\n\n\n\n<p>Por su parte, Kelly S\u00e1nchez, Fiscal 28 de Ambiente, se\u00f1al\u00f3 que este programa \u00abEl Ministerio P\u00fablico Defiende tu mascota\u201d forma parte de las medidas tomadas por el Estado para proteger la dignidad, espacio y vida de la fauna. Destac\u00f3: \u201cEs un mandato que emiti\u00f3 el Fiscal General de la Rep\u00fablica a los fines de dar atenci\u00f3n a las mascotas que sean parte de la comunidad\u201d.<\/p>\n\n\n\n<p>La gesti\u00f3n del Alcalde H\u00e9ctor Soto pone a disposici\u00f3n de toda la comunidad el consultorio de atenci\u00f3n veterinaria ubicado frente al Ateneo, que trabaja toda la semana en horario rotativos. Esto se suma a las jornadas semanales que se realizan en cada parroquia. Para mayor informaci\u00f3n, la comunidad puede mantenerse informada por las redes sociales de Umpasfa (@absfumpasfa)<br><strong><em>ET \/ Prensa Alcald\u00eda de San Francisco<\/em><\/strong><\/p>\n","protected":false},"excerpt":{"rendered":"<p>ENTRE TORMENTAS. Desde las instalaciones de la cancha \u201cJes\u00fas Ram\u00f3n Solano\u201d de la Alcald\u00eda del&#8230;<\/p>\n","protected":false},"author":2,"featured_media":23209,"comment_status":"closed","ping_status":"open","sticky":false,"template":"","format":"standard","meta":{"footnotes":""},"categories":[57,1],"tags":[],"class_list":["post-23207","post","type-post","status-publish","format-standard","has-post-thumbnail","hentry","category-actualidad","category-regionales"],"_links":{"self":[{"href":"https:\/\/entretormentas.com\/index.php?rest_route=\/wp\/v2\/posts\/23207","targetHints":{"allow":["GET"]}}],"collection":[{"href":"https:\/\/entretormentas.com\/index.php?rest_route=\/wp\/v2\/posts"}],"about":[{"href":"https:\/\/entretormentas.com\/index.php?rest_route=\/wp\/v2\/types\/post"}],"author":[{"embeddable":true,"href":"https:\/\/entretormentas.com\/index.php?rest_route=\/wp\/v2\/users\/2"}],"replies":[{"embeddable":true,"href":"https:\/\/entretormentas.com\/index.php?rest_route=%2Fwp%2Fv2%2Fcomments&post=23207"}],"version-history":[{"count":1,"href":"https:\/\/entretormentas.com\/index.php?rest_route=\/wp\/v2\/posts\/23207\/revisions"}],"predecessor-version":[{"id":23210,"href":"https:\/\/entretormentas.com\/index.php?rest_route=\/wp\/v2\/posts\/23207\/revisions\/23210"}],"wp:featuredmedia":[{"embeddable":true,"href":"https:\/\/entretormentas.com\/index.php?rest_route=\/wp\/v2\/media\/23209"}],"wp:attachment":[{"href":"https:\/\/entretormentas.com\/index.php?rest_route=%2Fwp%2Fv2%2Fmedia&parent=23207"}],"wp:term":[{"taxonomy":"category","embeddable":true,"href":"https:\/\/entretormentas.com\/index.php?rest_route=%2Fwp%2Fv2%2Fcategories&post=23207"},{"taxonomy":"post_tag","embeddable":true,"href":"https:\/\/entretormentas.com\/index.php?rest_route=%2Fwp%2Fv2%2Ftags&post=23207"}],"curies":[{"name":"wp","href":"https:\/\/api.w.org\/{rel}","templated":true}]}}