{"id":23216,"date":"2025-10-11T06:24:53","date_gmt":"2025-10-11T10:24:53","guid":{"rendered":"https:\/\/entretormentas.com\/?p=23216"},"modified":"2025-10-11T06:24:54","modified_gmt":"2025-10-11T10:24:54","slug":"para-todo-publico-arte-fe-e-historia-se-unen-en-una-jornada-inolvidable-en-la-casa-de-la-capitulacion","status":"publish","type":"post","link":"https:\/\/entretormentas.com\/para-todo-publico-arte-fe-e-historia-se-unen-en-una-jornada-inolvidable-en-la-casa-de-la-capitulacion\/","title":{"rendered":"\u00a1PARA TODO P\u00daBLICO! Arte, fe e historia se unen en una jornada inolvidable en la Casa de la Capitulaci\u00f3n"},"content":{"rendered":"\n<p><strong>ENTRE TORMENTAS. <\/strong>En la Casa de la Capitulaci\u00f3n se inaugur\u00f3 la exposici\u00f3n colectiva \u00abEl Jard\u00edn de los Intercesores\u00bb, el jueves 9 de octubre. A la jornada la caracterizaron la fe, la historia y el arte.<\/p>\n\n\n\n<p>\u00abEl Jard\u00edn de los Intercesores\u00bb muestra las visiones creativas de talentosos expositores, como Bulvio Rodr\u00edguez, Francisco V\u00e1zquez, Roberto Franco, Javier Albornoz, Lisbeth Pire, Pedro Vargas, Pedro Vargas Villalobos, Devis Medina, Mar\u00eda Magdalena Bazo, Carlos Romero, Andr\u00e9s Lozano, Robert S\u00e1nchez, D\u00f3novan Gonz\u00e1lez, Nereyda Echeto, Mario Morales, In\u00e9s Parra, Alejandra Fuenmayor, Liliana Robaina, Sergio Sarcos, Alicia Bracho y Jos\u00e9 Gregorio Romero.<\/p>\n\n\n\n<figure class=\"wp-block-image size-large\"><img fetchpriority=\"high\" decoding=\"async\" width=\"1024\" height=\"768\" src=\"https:\/\/entretormentas.com\/wp-content\/uploads\/2025\/10\/ARTESACRO2-1024x768.jpg\" alt=\"\" class=\"wp-image-23217\" srcset=\"https:\/\/entretormentas.com\/wp-content\/uploads\/2025\/10\/ARTESACRO2-1024x768.jpg 1024w, https:\/\/entretormentas.com\/wp-content\/uploads\/2025\/10\/ARTESACRO2-300x225.jpg 300w, https:\/\/entretormentas.com\/wp-content\/uploads\/2025\/10\/ARTESACRO2-768x576.jpg 768w, https:\/\/entretormentas.com\/wp-content\/uploads\/2025\/10\/ARTESACRO2.jpg 1280w\" sizes=\"(max-width: 1024px) 100vw, 1024px\" \/><\/figure>\n\n\n\n<p>La Casa de la Capitulaci\u00f3n y la Gobernaci\u00f3n invitan a la colectividad a visitar la Galer\u00eda Carmelo Fern\u00e1ndez, para apreciar, hasta el pr\u00f3ximo 20 de noviembre, esta muestra de arte y fe.<\/p>\n\n\n\n<p>El gobernador del Zulia, Luis Caldera, promueve la ense\u00f1anza de la historia y de las expresiones art\u00edsticas, culturales y de fe que enriquecen a la regi\u00f3n.<\/p>\n\n\n\n<p>Antes de dejar abierta la exposici\u00f3n al p\u00fablico, el p\u00fablico e invitados asistieron, con profunda devoci\u00f3n, a la bendici\u00f3n de la Capilla, un acto espiritual guiado por el p\u00e1rroco N\u00e9stor Primera, quien con sus palabras invit\u00f3 a renovar nuestra fe y esperanza.<\/p>\n\n\n\n<p>La espiritualidad continu\u00f3 con la conmovedora actuaci\u00f3n de la compa\u00f1\u00eda Barikai, que deleit\u00f3 con un relato vibrante la aparici\u00f3n de la Virgen de Coromoto, Patrona de Venezuela, y la representaci\u00f3n de la vida del doctor Jos\u00e9 Gregorio Hern\u00e1ndez, quien el 19 de este mes ser\u00e1 canonizado en el Vaticano.<br>Hern\u00e1ndez y la Madre Carmen Rendiles ser\u00e1n los primeros santos de Venezuela.<\/p>\n\n\n\n<figure class=\"wp-block-image size-large\"><img decoding=\"async\" width=\"1024\" height=\"768\" src=\"https:\/\/entretormentas.com\/wp-content\/uploads\/2025\/10\/ARTESACRO3-1024x768.jpg\" alt=\"\" class=\"wp-image-23218\" srcset=\"https:\/\/entretormentas.com\/wp-content\/uploads\/2025\/10\/ARTESACRO3-1024x768.jpg 1024w, https:\/\/entretormentas.com\/wp-content\/uploads\/2025\/10\/ARTESACRO3-300x225.jpg 300w, https:\/\/entretormentas.com\/wp-content\/uploads\/2025\/10\/ARTESACRO3-768x576.jpg 768w, https:\/\/entretormentas.com\/wp-content\/uploads\/2025\/10\/ARTESACRO3.jpg 1080w\" sizes=\"(max-width: 1024px) 100vw, 1024px\" \/><\/figure>\n\n\n\n<p>El historiador Jos\u00e9 Romero ofreci\u00f3 una conmovedora narraci\u00f3n sobre la vida de San Benito, resaltando su legado de resistencia, fe y cultura afrovenezolana.<\/p>\n\n\n\n<p>La energ\u00eda de la fe se manifest\u00f3 en la procesi\u00f3n de tres cuadros de San Benito, de la mano de Danzas Zulia, que envolvi\u00f3 a los presentes con su baile.<\/p>\n\n\n\n<p>La entrada de los Vasallos Las Veritas fue un estallido de ritmo a golpe del chimb\u00e1nguele, conectando a los presentes, en la Casa de la Capitulaci\u00f3n, con sus ra\u00edces.<br>Entre el p\u00fablico se cont\u00f3 con la presencia de las 21 candidatas oficiales de la Feria de la Chinita internacional, edici\u00f3n 59.<br><strong><em>ET \/ Nota de Prensa<\/em><\/strong><\/p>\n\n\n\n<p><\/p>\n","protected":false},"excerpt":{"rendered":"<p>ENTRE TORMENTAS. En la Casa de la Capitulaci\u00f3n se inaugur\u00f3 la exposici\u00f3n colectiva \u00abEl Jard\u00edn&#8230;<\/p>\n","protected":false},"author":2,"featured_media":23219,"comment_status":"closed","ping_status":"open","sticky":false,"template":"","format":"standard","meta":{"footnotes":""},"categories":[57,1],"tags":[],"class_list":["post-23216","post","type-post","status-publish","format-standard","has-post-thumbnail","hentry","category-actualidad","category-regionales"],"_links":{"self":[{"href":"https:\/\/entretormentas.com\/index.php?rest_route=\/wp\/v2\/posts\/23216","targetHints":{"allow":["GET"]}}],"collection":[{"href":"https:\/\/entretormentas.com\/index.php?rest_route=\/wp\/v2\/posts"}],"about":[{"href":"https:\/\/entretormentas.com\/index.php?rest_route=\/wp\/v2\/types\/post"}],"author":[{"embeddable":true,"href":"https:\/\/entretormentas.com\/index.php?rest_route=\/wp\/v2\/users\/2"}],"replies":[{"embeddable":true,"href":"https:\/\/entretormentas.com\/index.php?rest_route=%2Fwp%2Fv2%2Fcomments&post=23216"}],"version-history":[{"count":1,"href":"https:\/\/entretormentas.com\/index.php?rest_route=\/wp\/v2\/posts\/23216\/revisions"}],"predecessor-version":[{"id":23220,"href":"https:\/\/entretormentas.com\/index.php?rest_route=\/wp\/v2\/posts\/23216\/revisions\/23220"}],"wp:featuredmedia":[{"embeddable":true,"href":"https:\/\/entretormentas.com\/index.php?rest_route=\/wp\/v2\/media\/23219"}],"wp:attachment":[{"href":"https:\/\/entretormentas.com\/index.php?rest_route=%2Fwp%2Fv2%2Fmedia&parent=23216"}],"wp:term":[{"taxonomy":"category","embeddable":true,"href":"https:\/\/entretormentas.com\/index.php?rest_route=%2Fwp%2Fv2%2Fcategories&post=23216"},{"taxonomy":"post_tag","embeddable":true,"href":"https:\/\/entretormentas.com\/index.php?rest_route=%2Fwp%2Fv2%2Ftags&post=23216"}],"curies":[{"name":"wp","href":"https:\/\/api.w.org\/{rel}","templated":true}]}}