{"id":23230,"date":"2025-10-11T06:36:30","date_gmt":"2025-10-11T10:36:30","guid":{"rendered":"https:\/\/entretormentas.com\/?p=23230"},"modified":"2025-10-11T06:36:31","modified_gmt":"2025-10-11T10:36:31","slug":"prevencion-activa-canadas-de-maracaibo-fluyeron-sin-reporte-de-emergencia","status":"publish","type":"post","link":"https:\/\/entretormentas.com\/prevencion-activa-canadas-de-maracaibo-fluyeron-sin-reporte-de-emergencia\/","title":{"rendered":"\u00a1PREVENCI\u00d3N ACTIVA! Ca\u00f1adas de Maracaibo fluyeron sin reporte de emergencia"},"content":{"rendered":"\n<p><strong>ENTRE TORMENTAS. <\/strong>Ante la llegada de las lluvias, la alcald\u00eda de Maracaibo no reporta da\u00f1os que lamentar por desbordamiento de ca\u00f1adas, seg\u00fan lo inform\u00f3 el presidente del Instituto Municipal del Ambiente (IMA), Janner P\u00e9rez, ratificando la prioridad ambiental instruida por el alcalde Giancarlo Di Martino de mantener las ca\u00f1adas y cauces libres de escombros y basura.<\/p>\n\n\n\n<p>\u00abHemos venido trabajando sostenidamente con cuadrillas manuales de limpieza, con maquinaria pesada, despejando cauces, lo que hoy nos arroja resultados positivos\u00bb, precis\u00f3 P\u00e9rez.<\/p>\n\n\n\n<p>Indic\u00f3 que desde que inici\u00f3 la lluvia de este viernes 10, el equipo operativo del IMA estuvo vigilante en diferentes parroquias constatando que no se present\u00f3 ninguna novedad. \u00abEs el resultado de la intervenci\u00f3n oportuna con maquinaria que hemos realizado en las ca\u00f1adas, desde el inicio de la gesti\u00f3n del Alcalde Giancarlo Di Martino\u00bb.<\/p>\n\n\n\n<p>Record\u00f3 que hay 13 ca\u00f1adas principales \u201cy las que causan m\u00e1s da\u00f1o en \u00e9poca de lluvia son la Morillo, con ramales en las parroquias: Cecilio Acosta, Cacique Mara, Cristo de Aranza, Luis Hurtado Higuera y Manuel Dagnino; adem\u00e1s la Ca\u00f1ada F\u00e9nix, ubicada en el oeste de Maracaibo, que recorre las parroquias Francisco Eugenio Bustamante, Idelfonso V\u00e1squez y Venancio Pulgar. La Morillo y La F\u00e9nix, han sido vigiladas por su comportamiento en otras \u00e9pocas y hoy afortunadamente podemos decir que se encuentran en \u00f3ptimas condiciones\u00bb.<br><strong><em>ET \/ Prensa Alcald\u00eda de Maracaibo<\/em><\/strong><\/p>\n","protected":false},"excerpt":{"rendered":"<p>ENTRE TORMENTAS. Ante la llegada de las lluvias, la alcald\u00eda de Maracaibo no reporta da\u00f1os&#8230;<\/p>\n","protected":false},"author":2,"featured_media":23231,"comment_status":"closed","ping_status":"open","sticky":false,"template":"","format":"standard","meta":{"footnotes":""},"categories":[57,1],"tags":[],"class_list":["post-23230","post","type-post","status-publish","format-standard","has-post-thumbnail","hentry","category-actualidad","category-regionales"],"_links":{"self":[{"href":"https:\/\/entretormentas.com\/index.php?rest_route=\/wp\/v2\/posts\/23230","targetHints":{"allow":["GET"]}}],"collection":[{"href":"https:\/\/entretormentas.com\/index.php?rest_route=\/wp\/v2\/posts"}],"about":[{"href":"https:\/\/entretormentas.com\/index.php?rest_route=\/wp\/v2\/types\/post"}],"author":[{"embeddable":true,"href":"https:\/\/entretormentas.com\/index.php?rest_route=\/wp\/v2\/users\/2"}],"replies":[{"embeddable":true,"href":"https:\/\/entretormentas.com\/index.php?rest_route=%2Fwp%2Fv2%2Fcomments&post=23230"}],"version-history":[{"count":1,"href":"https:\/\/entretormentas.com\/index.php?rest_route=\/wp\/v2\/posts\/23230\/revisions"}],"predecessor-version":[{"id":23232,"href":"https:\/\/entretormentas.com\/index.php?rest_route=\/wp\/v2\/posts\/23230\/revisions\/23232"}],"wp:featuredmedia":[{"embeddable":true,"href":"https:\/\/entretormentas.com\/index.php?rest_route=\/wp\/v2\/media\/23231"}],"wp:attachment":[{"href":"https:\/\/entretormentas.com\/index.php?rest_route=%2Fwp%2Fv2%2Fmedia&parent=23230"}],"wp:term":[{"taxonomy":"category","embeddable":true,"href":"https:\/\/entretormentas.com\/index.php?rest_route=%2Fwp%2Fv2%2Fcategories&post=23230"},{"taxonomy":"post_tag","embeddable":true,"href":"https:\/\/entretormentas.com\/index.php?rest_route=%2Fwp%2Fv2%2Ftags&post=23230"}],"curies":[{"name":"wp","href":"https:\/\/api.w.org\/{rel}","templated":true}]}}