{"id":23233,"date":"2025-10-11T06:41:31","date_gmt":"2025-10-11T10:41:31","guid":{"rendered":"https:\/\/entretormentas.com\/?p=23233"},"modified":"2025-10-11T06:41:32","modified_gmt":"2025-10-11T10:41:32","slug":"con-actividades-para-todas-las-edades-alcaldia-de-san-francisco-anuncia-el-regreso-de-la-feria-del-lago","status":"publish","type":"post","link":"https:\/\/entretormentas.com\/con-actividades-para-todas-las-edades-alcaldia-de-san-francisco-anuncia-el-regreso-de-la-feria-del-lago\/","title":{"rendered":"\u00a1CON ACTIVIDADES PARA TODAS LAS EDADES! Alcald\u00eda de San Francisco anuncia el regreso de la Feria del Lago"},"content":{"rendered":"\n<p><strong>ENTRE TORMENTAS.<\/strong> Los sanfranciscanos volver\u00e1n a disfrutar de la popular Feria del Lago en este 2025, gracias al apoyo del Alcalde de San Francisco, H\u00e9ctor Soto, y tras cuatro a\u00f1os de ausencia por la anterior gesti\u00f3n, donde podr\u00e1n compartir de un gran n\u00famero de actividades pensadas para todas las edades.<\/p>\n\n\n\n<p>En una rueda de prensa llevada a cabo en las instalaciones del Mall Paseo San Francisco, el Director General de la Alcald\u00eda sure\u00f1a y Vicepresidente del Comit\u00e9 de la Feria del Lago San Francisco 2025, Johan Vicu\u00f1a destac\u00f3 que esta festividad decembrina vuelve gracias al esfuerzo conjunto del Presidente Constitucional Nicol\u00e1s Maduro, del Gobernador del estado Zulia, Luis Caldera, y del mandatario municipal, H\u00e9ctor Soto, quienes \u00aba pesar de todas los ataques e intentos por arrebatarnos la paz y la tranquilidad, siguen comprometidos en brindar la mayor suma de felicidad posible a nuestro pueblo\u00bb.<\/p>\n\n\n\n<figure class=\"wp-block-image size-large\"><img fetchpriority=\"high\" decoding=\"async\" width=\"1024\" height=\"576\" src=\"https:\/\/entretormentas.com\/wp-content\/uploads\/2025\/10\/feriadellago2-1024x576.jpg\" alt=\"\" class=\"wp-image-23234\" srcset=\"https:\/\/entretormentas.com\/wp-content\/uploads\/2025\/10\/feriadellago2-1024x576.jpg 1024w, https:\/\/entretormentas.com\/wp-content\/uploads\/2025\/10\/feriadellago2-300x169.jpg 300w, https:\/\/entretormentas.com\/wp-content\/uploads\/2025\/10\/feriadellago2-768x432.jpg 768w, https:\/\/entretormentas.com\/wp-content\/uploads\/2025\/10\/feriadellago2.jpg 1280w\" sizes=\"(max-width: 1024px) 100vw, 1024px\" \/><\/figure>\n\n\n\n<p>Gabriel M\u00e1rquez, Presidente del Comit\u00e9 de Feria, resalt\u00f3 que esta edici\u00f3n se desarrollar\u00e1 desde el 6 de noviembre, iniciando con un gran encendido que contar\u00e1 con 10 tarimas peque\u00f1as y dos principales, donde se presentar\u00e1n diversos grupos musicales hasta el 1 de diciembre, cuando se har\u00e1 la Aurora Chiquinquire\u00f1a.<\/p>\n\n\n\n<p><strong>ACTIVIDADES PARA TODAS LAS EDADES<\/strong><br>El presidente del comit\u00e9 ferial a\u00f1adi\u00f3 que \u00abcontaremos con feria infantil, feria gastron\u00f3m\u00edca, feria cultural, se instalar\u00e1 una zona de juegos mec\u00e1nicos detr\u00e1s del Oncol\u00f3gico G\u00e9nesis Petit, festival internacional de bandas shows con la participaci\u00f3n de m\u00e1s de dos mil 500 m\u00fasicos, desfile de feria, serenata a la Virgen de Chiquinquir\u00e1, misa solemne, torneo de softbol, entre otras grandes actividades pensadas para el disfrute del pueblo\u00bb.<\/p>\n\n\n\n<p>Por su parte, el m\u00fasico y guarachero, Roberto Gonz\u00e1lez, tambi\u00e9n representante del Comit\u00e9 de la Feria del Lago San Francisco 2025, expres\u00f3: \u00abVuelve la mejor feria del Zulia y de Venezuela, todas las familias podr\u00e1n formar parte de ella, al igual que todos los sectores porque esta pensado en un modelo inclusivo\u00bb.<\/p>\n\n\n\n<p>En cuanto a los artistas que se presentar\u00e1n inform\u00f3 que \u00abel Alcalde H\u00e9ctor Soto ha visualizado estas ferias como una plataforma para impulsar a los artistas que no se han consolidado a\u00fan y tambi\u00e9n a los que ya est\u00e1n, para brindarles las oportunidades que en otrora no ten\u00edamos los m\u00fasicos, as\u00ed que el regreso de estas festivadedes vienen cargadas de muchas sorpresas, entre artistas de talla local, regional, nacional e internacional, adem\u00e1s ser\u00e1 conducido por el animador Leonardo Villalobos\u00bb.<\/p>\n\n\n\n<figure class=\"wp-block-image size-large\"><img decoding=\"async\" width=\"1024\" height=\"683\" src=\"https:\/\/entretormentas.com\/wp-content\/uploads\/2025\/10\/feriadellago3-1024x683.jpg\" alt=\"\" class=\"wp-image-23235\" srcset=\"https:\/\/entretormentas.com\/wp-content\/uploads\/2025\/10\/feriadellago3-1024x683.jpg 1024w, https:\/\/entretormentas.com\/wp-content\/uploads\/2025\/10\/feriadellago3-300x200.jpg 300w, https:\/\/entretormentas.com\/wp-content\/uploads\/2025\/10\/feriadellago3-768x512.jpg 768w, https:\/\/entretormentas.com\/wp-content\/uploads\/2025\/10\/feriadellago3.jpg 1058w\" sizes=\"(max-width: 1024px) 100vw, 1024px\" \/><\/figure>\n\n\n\n<p><strong>EVENTO SIMULT\u00c1NEO<\/strong><br>Adem\u00e1s de compartir las diversificadas actividades que se tienen previstas desarrollar, los representantes del comit\u00e9 de feria anunciaron que en el municipio habr\u00e1n dos grandes tarimas principales, donde habr\u00e1n presentaciones simult\u00e1neas para el sano esparcimiento del pueblo, ubicadas en la sede de la Alcald\u00eda de San Francisco y en la popular calle 200 de la parroquia Jos\u00e9 Domingo Rus.<\/p>\n\n\n\n<p>Cabe destacar que durante el desarrollo de las actividades, se tiene previsto el despliegue por d\u00eda de m\u00e1s de 750 funcionarios entre Polic\u00eda Nacional Bolivariana (PNB), Polisur, Direcciones de Prevenci\u00f3n y Seguridad Ciudadana, Bomberos de San Francisco y equipo m\u00e9dico de la localidad, para brindar mayor resguardo y bienestar en cada punto ferial.<\/p>\n\n\n\n<p>Con el retorno de estas festividades municipales, el Alcalde de San Francisco reafirma su compromiso de continuar impulsando el desarrollo sociocultural del municipio, adem\u00e1s de garantizar espacios para el sano disfrute de los sanfranciscanos en esta \u00e9poca decembrina.<br><strong><em>ET \/ Prensa Alcald\u00eda de San Francisco<\/em><\/strong><\/p>\n\n\n\n<p><\/p>\n","protected":false},"excerpt":{"rendered":"<p>ENTRE TORMENTAS. Los sanfranciscanos volver\u00e1n a disfrutar de la popular Feria del Lago en este&#8230;<\/p>\n","protected":false},"author":2,"featured_media":23236,"comment_status":"closed","ping_status":"open","sticky":false,"template":"","format":"standard","meta":{"footnotes":""},"categories":[57,1],"tags":[],"class_list":["post-23233","post","type-post","status-publish","format-standard","has-post-thumbnail","hentry","category-actualidad","category-regionales"],"_links":{"self":[{"href":"https:\/\/entretormentas.com\/index.php?rest_route=\/wp\/v2\/posts\/23233","targetHints":{"allow":["GET"]}}],"collection":[{"href":"https:\/\/entretormentas.com\/index.php?rest_route=\/wp\/v2\/posts"}],"about":[{"href":"https:\/\/entretormentas.com\/index.php?rest_route=\/wp\/v2\/types\/post"}],"author":[{"embeddable":true,"href":"https:\/\/entretormentas.com\/index.php?rest_route=\/wp\/v2\/users\/2"}],"replies":[{"embeddable":true,"href":"https:\/\/entretormentas.com\/index.php?rest_route=%2Fwp%2Fv2%2Fcomments&post=23233"}],"version-history":[{"count":1,"href":"https:\/\/entretormentas.com\/index.php?rest_route=\/wp\/v2\/posts\/23233\/revisions"}],"predecessor-version":[{"id":23237,"href":"https:\/\/entretormentas.com\/index.php?rest_route=\/wp\/v2\/posts\/23233\/revisions\/23237"}],"wp:featuredmedia":[{"embeddable":true,"href":"https:\/\/entretormentas.com\/index.php?rest_route=\/wp\/v2\/media\/23236"}],"wp:attachment":[{"href":"https:\/\/entretormentas.com\/index.php?rest_route=%2Fwp%2Fv2%2Fmedia&parent=23233"}],"wp:term":[{"taxonomy":"category","embeddable":true,"href":"https:\/\/entretormentas.com\/index.php?rest_route=%2Fwp%2Fv2%2Fcategories&post=23233"},{"taxonomy":"post_tag","embeddable":true,"href":"https:\/\/entretormentas.com\/index.php?rest_route=%2Fwp%2Fv2%2Ftags&post=23233"}],"curies":[{"name":"wp","href":"https:\/\/api.w.org\/{rel}","templated":true}]}}