{"id":23238,"date":"2025-10-11T06:48:12","date_gmt":"2025-10-11T10:48:12","guid":{"rendered":"https:\/\/entretormentas.com\/?p=23238"},"modified":"2025-10-11T06:48:13","modified_gmt":"2025-10-11T10:48:13","slug":"alcaldia-activa-mas-de-70-marabinos-recuperan-la-vista-gracias-al-programa-municipal-de-cataratas","status":"publish","type":"post","link":"https:\/\/entretormentas.com\/alcaldia-activa-mas-de-70-marabinos-recuperan-la-vista-gracias-al-programa-municipal-de-cataratas\/","title":{"rendered":"\u00a1ALCALD\u00cdA ACTIVA! M\u00e1s de 70 marabinos recuperan la vista gracias al Programa Municipal de Cataratas"},"content":{"rendered":"\n<p><strong>ENTRE TORMENTAS.<\/strong> A prop\u00f3sito del D\u00eda Mundial de la Visi\u00f3n, celebrado cada segundo jueves del mes de octubre, la Alcald\u00eda de Maracaibo reafirma su compromiso con el derecho de las personas a ver con claridad, para lo cual ha venido desplegando un plan integral de salud ocular que ha beneficiado a miles de ciudadanos con consultas, entrega de lentes correctivos a escolares y m\u00e1s de 70 ciudadanos y ciudadanas con cirug\u00edas de cataratas, todo de manera gratuita y con un enfoque preventivo.<\/p>\n\n\n\n<p>Desde agosto, los marabinos han recibido atenci\u00f3n oftalmol\u00f3gica en jornadas, en planteles y otros espacios, priorizando a ni\u00f1os y ni\u00f1as en edad escolar y adultos mayores. A trav\u00e9s de pesquisas visuales, se han detectado patolog\u00edas como cataratas, permitiendo canalizar oportunamente los casos quir\u00fargicos.<\/p>\n\n\n\n<figure class=\"wp-block-image size-large\"><img fetchpriority=\"high\" decoding=\"async\" width=\"1024\" height=\"768\" src=\"https:\/\/entretormentas.com\/wp-content\/uploads\/2025\/10\/catamar2-1024x768.jpg\" alt=\"\" class=\"wp-image-23239\" srcset=\"https:\/\/entretormentas.com\/wp-content\/uploads\/2025\/10\/catamar2-1024x768.jpg 1024w, https:\/\/entretormentas.com\/wp-content\/uploads\/2025\/10\/catamar2-300x225.jpg 300w, https:\/\/entretormentas.com\/wp-content\/uploads\/2025\/10\/catamar2-768x576.jpg 768w, https:\/\/entretormentas.com\/wp-content\/uploads\/2025\/10\/catamar2.jpg 1280w\" sizes=\"(max-width: 1024px) 100vw, 1024px\" \/><\/figure>\n\n\n\n<p>La directora general de Salud de la alcald\u00eda de Maracaibo, m\u00e9dica Mayreth Acosta, inform\u00f3 que en lo que va de gesti\u00f3n del alcalde Giancarlo Di Martino, m\u00e1s de 70 pacientes han sido operados exitosamente de cataratas, recuperando su visi\u00f3n, su autonom\u00eda, productividad y calidad de vida. Este logro forma parte del Programa de Cataratas, una pol\u00edtica humanista que responde con sensibilidad y eficacia a las necesidades m\u00e9dicas del pueblo.<\/p>\n\n\n\n<p>Acosta expres\u00f3 que el inter\u00e9s del alcalde Di Martino es brindar soluciones reales, con atenci\u00f3n digna y cercana. \u201cCada cirug\u00eda representa una vida que se transforma, una familia que recupera esperanza. En los pr\u00f3ximos d\u00edas estaremos desarrollando una jornada donde se atender\u00e1n 40 pacientes m\u00e1s con cirug\u00eda de cataratas\u201d.<\/p>\n\n\n\n<p>Yusmaira Hern\u00e1ndez, habitante de la parroquia Francisco Eugenio Bustamante, dijo: \u201chemos tenido una respuesta inigualable del Alcalde Di Martino, quien nos regal\u00f3 la ciudad m\u00e1s bella en su primera gesti\u00f3n y ahora, en tan poco tiempo, nos est\u00e1 brindando la respuesta m\u00e1s oportuna en materia de salud. Esta ayuda se necesitaba. Mi pareja requer\u00eda una cirug\u00eda de cataratas y ya est\u00e1 en el proceso preoperatorio, gracias a la gesti\u00f3n municipal\u201d expres\u00f3 emocionada.<\/p>\n\n\n\n<p><strong>PROGRAMAS PARA TODOS<\/strong><br>A prop\u00f3sito del inicio del per\u00edodo escolar 2025\u20132026, la Alcald\u00eda de Maracaibo puso en marcha un programa especial de entrega de lentes correctivos para ni\u00f1os y ni\u00f1as, en convenio con \u00f3pticas locales. Hasta la fecha, m\u00e1s de 60 estudiantes han sido atendidos. En la primera jornada se entregaron 21 lentes y ya se prepara una segunda entrega de 40 m\u00e1s.<\/p>\n\n\n\n<p>\u201cEstoy muy agradecida con el Alcalde y con Dios, porque mi hija, Amanda Mapari, fue atendida en esta jornada. Es una excelente respuesta para la ciudadan\u00eda\u201d, expres\u00f3 emocionada Yuleidy Dur\u00e1n, madre beneficiaria y habitante de la parroquia Cristo de Aranza.<\/p>\n\n\n\n<figure class=\"wp-block-image size-full\"><img decoding=\"async\" width=\"486\" height=\"278\" src=\"https:\/\/entretormentas.com\/wp-content\/uploads\/2025\/10\/catamar3.jpg\" alt=\"\" class=\"wp-image-23240\" srcset=\"https:\/\/entretormentas.com\/wp-content\/uploads\/2025\/10\/catamar3.jpg 486w, https:\/\/entretormentas.com\/wp-content\/uploads\/2025\/10\/catamar3-300x172.jpg 300w\" sizes=\"(max-width: 486px) 100vw, 486px\" \/><\/figure>\n\n\n\n<p><strong>DEVOLVIENDO ESPERANZAS<\/strong><br>Los testimonios reflejan el impacto de estas acciones. Graciela de M\u00e9ndez, de 79 a\u00f1os, habitante del sector 1 de Mayo, coment\u00f3 tras su intervenci\u00f3n: \u201cEstoy feliz. Mejor\u00e9 mi visi\u00f3n y con ello, todas mis actividades cotidianas. No esper\u00e9 recibir una respuesta tan r\u00e1pida\u201d.<\/p>\n\n\n\n<p>Cada consulta, cada lente entregado y cada cirug\u00eda realizada representan un paso hacia un futuro m\u00e1s justo y digno. Estas acciones forman parte de un plan integral de salud visual ejecutado en articulaci\u00f3n con todos los niveles de Gobierno, con el objetivo de atender a quienes m\u00e1s lo necesitan, especialmente en sectores vulnerables.<\/p>\n\n\n\n<p>En este D\u00eda Mundial de la Visi\u00f3n, la alcald\u00eda de Maracaibo demuestra que la salud visual no es un privilegio, sino un derecho que ilumina el presente y abre caminos hacia un ma\u00f1ana con mayor calidad de vida y garantizando un mejor acceso a servicios.<br><strong><em>ET \/ Prensa Alcald\u00eda de Maracaibo<\/em><\/strong><\/p>\n\n\n\n<p><\/p>\n","protected":false},"excerpt":{"rendered":"<p>ENTRE TORMENTAS. A prop\u00f3sito del D\u00eda Mundial de la Visi\u00f3n, celebrado cada segundo jueves del&#8230;<\/p>\n","protected":false},"author":2,"featured_media":23241,"comment_status":"closed","ping_status":"open","sticky":false,"template":"","format":"standard","meta":{"footnotes":""},"categories":[57,1],"tags":[],"class_list":["post-23238","post","type-post","status-publish","format-standard","has-post-thumbnail","hentry","category-actualidad","category-regionales"],"_links":{"self":[{"href":"https:\/\/entretormentas.com\/index.php?rest_route=\/wp\/v2\/posts\/23238","targetHints":{"allow":["GET"]}}],"collection":[{"href":"https:\/\/entretormentas.com\/index.php?rest_route=\/wp\/v2\/posts"}],"about":[{"href":"https:\/\/entretormentas.com\/index.php?rest_route=\/wp\/v2\/types\/post"}],"author":[{"embeddable":true,"href":"https:\/\/entretormentas.com\/index.php?rest_route=\/wp\/v2\/users\/2"}],"replies":[{"embeddable":true,"href":"https:\/\/entretormentas.com\/index.php?rest_route=%2Fwp%2Fv2%2Fcomments&post=23238"}],"version-history":[{"count":1,"href":"https:\/\/entretormentas.com\/index.php?rest_route=\/wp\/v2\/posts\/23238\/revisions"}],"predecessor-version":[{"id":23242,"href":"https:\/\/entretormentas.com\/index.php?rest_route=\/wp\/v2\/posts\/23238\/revisions\/23242"}],"wp:featuredmedia":[{"embeddable":true,"href":"https:\/\/entretormentas.com\/index.php?rest_route=\/wp\/v2\/media\/23241"}],"wp:attachment":[{"href":"https:\/\/entretormentas.com\/index.php?rest_route=%2Fwp%2Fv2%2Fmedia&parent=23238"}],"wp:term":[{"taxonomy":"category","embeddable":true,"href":"https:\/\/entretormentas.com\/index.php?rest_route=%2Fwp%2Fv2%2Fcategories&post=23238"},{"taxonomy":"post_tag","embeddable":true,"href":"https:\/\/entretormentas.com\/index.php?rest_route=%2Fwp%2Fv2%2Ftags&post=23238"}],"curies":[{"name":"wp","href":"https:\/\/api.w.org\/{rel}","templated":true}]}}