{"id":23253,"date":"2025-10-11T06:59:58","date_gmt":"2025-10-11T10:59:58","guid":{"rendered":"https:\/\/entretormentas.com\/?p=23253"},"modified":"2025-10-11T07:33:48","modified_gmt":"2025-10-11T11:33:48","slug":"cabello-ante-cualquier-agresion-contra-nuestro-pais-las-armas-de-la-republica-estaran-en-manos-del-pueblo","status":"publish","type":"post","link":"https:\/\/entretormentas.com\/cabello-ante-cualquier-agresion-contra-nuestro-pais-las-armas-de-la-republica-estaran-en-manos-del-pueblo\/","title":{"rendered":"CABELLO: \u00abAnte cualquier agresi\u00f3n contra nuestro pa\u00eds las armas de la rep\u00fablica estar\u00e1n en manos del pueblo\u00bb"},"content":{"rendered":"\n<p><strong>ENTRE TORMENTAS. <\/strong>El ministro del Poder Popular para Relaciones Interiores, Justicia y Paz, Diosdado Cabello Rond\u00f3n, afirm\u00f3 que las armas de la Patria, tradicionalmente custodiadas por la Fuerza Armada Nacional Bolivariana (FANB), ahora se ponen al servicio del pueblo venezolano. Esto permitir\u00e1 que hombres y mujeres de todo el pa\u00eds respondan de manera unificada ante cualquier agresi\u00f3n externa.<\/p>\n\n\n\n<p>Durante la ceremonia de activaci\u00f3n de los \u00d3rganos de Direcci\u00f3n para la Defensa Integral (ODDI) en los estados Aragua, Falc\u00f3n y Zulia, Cabello subray\u00f3 que estas iniciativas se alinean plenamente con los preceptos constitucionales, los cuales establecen la corresponsabilidad de todos los ciudadanos en la protecci\u00f3n del territorio y la soberan\u00eda nacional.<\/p>\n\n\n\n<figure class=\"wp-block-image size-full\"><img fetchpriority=\"high\" decoding=\"async\" width=\"677\" height=\"374\" src=\"https:\/\/entretormentas.com\/wp-content\/uploads\/2025\/10\/elmion2.jpg\" alt=\"\" class=\"wp-image-23254\" srcset=\"https:\/\/entretormentas.com\/wp-content\/uploads\/2025\/10\/elmion2.jpg 677w, https:\/\/entretormentas.com\/wp-content\/uploads\/2025\/10\/elmion2-300x166.jpg 300w\" sizes=\"(max-width: 677px) 100vw, 677px\" \/><\/figure>\n\n\n\n<p>En su intervenci\u00f3n, el ministro destac\u00f3 la importancia de los ejercicios de despliegue de los ODDI como mecanismos para verificar el funcionamiento de los sistemas de comando, control y comunicaciones.<\/p>\n\n\n\n<p>\u00abEl presidente de la Rep\u00fablica ha trazado l\u00edneas claras de resistencia activa, prolongada y ofensiva permanente\u00bb, enfatiz\u00f3 Cabello, recordando las directrices emanadas del Ejecutivo para fortalecer la defensa integral del pa\u00eds.<\/p>\n\n\n\n<p>Esta activaci\u00f3n forma parte de un esfuerzo m\u00e1s amplio por potenciar la participaci\u00f3n civil en la seguridad nacional, en un contexto de vigilancia constante frente a amenazas externas. Las autoridades instaron a la poblaci\u00f3n a mantenerse alerta y comprometida con estos procesos, que buscan garantizar la integridad de la naci\u00f3n.<br><strong><em>ET \/ El Universal<\/em><\/strong><\/p>\n","protected":false},"excerpt":{"rendered":"<p>ENTRE TORMENTAS. El ministro del Poder Popular para Relaciones Interiores, Justicia y Paz, Diosdado Cabello&#8230;<\/p>\n","protected":false},"author":2,"featured_media":23255,"comment_status":"closed","ping_status":"open","sticky":false,"template":"","format":"standard","meta":{"footnotes":""},"categories":[56,49],"tags":[],"class_list":["post-23253","post","type-post","status-publish","format-standard","has-post-thumbnail","hentry","category-destacadas","category-nacionales"],"_links":{"self":[{"href":"https:\/\/entretormentas.com\/index.php?rest_route=\/wp\/v2\/posts\/23253","targetHints":{"allow":["GET"]}}],"collection":[{"href":"https:\/\/entretormentas.com\/index.php?rest_route=\/wp\/v2\/posts"}],"about":[{"href":"https:\/\/entretormentas.com\/index.php?rest_route=\/wp\/v2\/types\/post"}],"author":[{"embeddable":true,"href":"https:\/\/entretormentas.com\/index.php?rest_route=\/wp\/v2\/users\/2"}],"replies":[{"embeddable":true,"href":"https:\/\/entretormentas.com\/index.php?rest_route=%2Fwp%2Fv2%2Fcomments&post=23253"}],"version-history":[{"count":1,"href":"https:\/\/entretormentas.com\/index.php?rest_route=\/wp\/v2\/posts\/23253\/revisions"}],"predecessor-version":[{"id":23256,"href":"https:\/\/entretormentas.com\/index.php?rest_route=\/wp\/v2\/posts\/23253\/revisions\/23256"}],"wp:featuredmedia":[{"embeddable":true,"href":"https:\/\/entretormentas.com\/index.php?rest_route=\/wp\/v2\/media\/23255"}],"wp:attachment":[{"href":"https:\/\/entretormentas.com\/index.php?rest_route=%2Fwp%2Fv2%2Fmedia&parent=23253"}],"wp:term":[{"taxonomy":"category","embeddable":true,"href":"https:\/\/entretormentas.com\/index.php?rest_route=%2Fwp%2Fv2%2Fcategories&post=23253"},{"taxonomy":"post_tag","embeddable":true,"href":"https:\/\/entretormentas.com\/index.php?rest_route=%2Fwp%2Fv2%2Ftags&post=23253"}],"curies":[{"name":"wp","href":"https:\/\/api.w.org\/{rel}","templated":true}]}}