{"id":23257,"date":"2025-10-11T07:03:06","date_gmt":"2025-10-11T11:03:06","guid":{"rendered":"https:\/\/entretormentas.com\/?p=23257"},"modified":"2025-10-11T07:03:07","modified_gmt":"2025-10-11T11:03:07","slug":"en-la-onu-venezuela-denuncia-que-eeuu-estados-quiere-instalar-un-regimen-titere-y-convertir-al-pais-en-colonia","status":"publish","type":"post","link":"https:\/\/entretormentas.com\/en-la-onu-venezuela-denuncia-que-eeuu-estados-quiere-instalar-un-regimen-titere-y-convertir-al-pais-en-colonia\/","title":{"rendered":"\u00a1EN LA ONU! Venezuela denuncia que EEUU Estados quiere \u00abinstalar un r\u00e9gimen t\u00edtere y convertir al pa\u00eds en colonia\u00bb"},"content":{"rendered":"\n<p><strong>ENTRE TORMENTAS.<\/strong> El embajador permanente de Venezuela ante la Organizaci\u00f3n de las Naciones Unidas (ONU), Samuel Moncada, se\u00f1al\u00f3 este viernes que el Gobierno de EE.UU. tiene como pretensi\u00f3n derrocar al presidente venezolano, Nicol\u00e1s Maduro, para \u00abinstalar un r\u00e9gimen t\u00edtere\u00bb y convertir a ese pa\u00eds suramericano en una \u00abcolonia\u00bb estadounidense.<\/p>\n\n\n\n<p>Durante una reuni\u00f3n urgente del Consejo de Seguridad, Moncada advirti\u00f3: \u00abEl plan es claro. Se trata otra vez de ejecutar la operaci\u00f3n que ya fracas\u00f3, derrocar al presidente leg\u00edtimo y constitucional de la Rep\u00fablica Bolivariana de Venezuela, Nicol\u00e1s Maduro Moros, con el prop\u00f3sito de instalar un r\u00e9gimen t\u00edtere y convertir a nuestro pa\u00eds en colonia\u00bb.<\/p>\n\n\n\n<figure class=\"wp-block-image size-large\"><img fetchpriority=\"high\" decoding=\"async\" width=\"1024\" height=\"683\" src=\"https:\/\/entretormentas.com\/wp-content\/uploads\/2025\/10\/venonu2-1024x683.jpg\" alt=\"\" class=\"wp-image-23258\" srcset=\"https:\/\/entretormentas.com\/wp-content\/uploads\/2025\/10\/venonu2-1024x683.jpg 1024w, https:\/\/entretormentas.com\/wp-content\/uploads\/2025\/10\/venonu2-300x200.jpg 300w, https:\/\/entretormentas.com\/wp-content\/uploads\/2025\/10\/venonu2-768x512.jpg 768w, https:\/\/entretormentas.com\/wp-content\/uploads\/2025\/10\/venonu2.jpg 1200w\" sizes=\"(max-width: 1024px) 100vw, 1024px\" \/><\/figure>\n\n\n\n<p>En ese sentido, Moncada fustig\u00f3 las acciones de EE.UU. en el Caribe y su constante amenaza contra la paz regional y la de Venezuela. \u00ab\u00bfQu\u00e9 derecho tienen los EE.UU. para militarizar la regi\u00f3n del Caribe?, ninguno. \u00bfQu\u00e9 derecho tienen los EE.UU. para ejecutar civiles que tienen derecho a la presunci\u00f3n de inocencia y al debido proceso?, ninguno\u00bb.<\/p>\n\n\n\n<p>\u00ab\u00bfQu\u00e9 derecho tienen los EE.UU. para aterrorizar y privar de sus medios de vida a humildes pescadores en toda la regi\u00f3n del Caribe?, ninguno. EE.UU. cree que el Caribe le pertenece porque tiene m\u00e1s de 100 a\u00f1os usando la expansionista doctrina Monroe que no es m\u00e1s que un lastre del colonialos. Nuestra regi\u00f3n ha sufrido m\u00e1s de un siglo de invasiones de EE.UU.\u00bb, agreg\u00f3 el diplom\u00e1tico.<\/p>\n\n\n\n<p>Moncada advirti\u00f3 que hoy EE.UU. \u00abest\u00e1 dispuesto a incendiar el Caribe para mantener su ideolog\u00eda de la guerra sin fin, una doctrina perversa\u00bb que, subray\u00f3, es \u00abuna verdadera industria de la mentira y de la muerte\u00bb, del que han sido v\u00edctimas \u00abnumerosos pueblos\u00bb. Por tal motivo, dijo Moncada, que Venezuela exige al Gobierno de EE.UU. a que cumpla con sus obligaciones internacionales.<br><strong><em>ET \/ Agencias<\/em><\/strong><\/p>\n","protected":false},"excerpt":{"rendered":"<p>ENTRE TORMENTAS. El embajador permanente de Venezuela ante la Organizaci\u00f3n de las Naciones Unidas (ONU),&#8230;<\/p>\n","protected":false},"author":2,"featured_media":23259,"comment_status":"closed","ping_status":"open","sticky":false,"template":"","format":"standard","meta":{"footnotes":""},"categories":[56,49],"tags":[],"class_list":["post-23257","post","type-post","status-publish","format-standard","has-post-thumbnail","hentry","category-destacadas","category-nacionales"],"_links":{"self":[{"href":"https:\/\/entretormentas.com\/index.php?rest_route=\/wp\/v2\/posts\/23257","targetHints":{"allow":["GET"]}}],"collection":[{"href":"https:\/\/entretormentas.com\/index.php?rest_route=\/wp\/v2\/posts"}],"about":[{"href":"https:\/\/entretormentas.com\/index.php?rest_route=\/wp\/v2\/types\/post"}],"author":[{"embeddable":true,"href":"https:\/\/entretormentas.com\/index.php?rest_route=\/wp\/v2\/users\/2"}],"replies":[{"embeddable":true,"href":"https:\/\/entretormentas.com\/index.php?rest_route=%2Fwp%2Fv2%2Fcomments&post=23257"}],"version-history":[{"count":1,"href":"https:\/\/entretormentas.com\/index.php?rest_route=\/wp\/v2\/posts\/23257\/revisions"}],"predecessor-version":[{"id":23260,"href":"https:\/\/entretormentas.com\/index.php?rest_route=\/wp\/v2\/posts\/23257\/revisions\/23260"}],"wp:featuredmedia":[{"embeddable":true,"href":"https:\/\/entretormentas.com\/index.php?rest_route=\/wp\/v2\/media\/23259"}],"wp:attachment":[{"href":"https:\/\/entretormentas.com\/index.php?rest_route=%2Fwp%2Fv2%2Fmedia&parent=23257"}],"wp:term":[{"taxonomy":"category","embeddable":true,"href":"https:\/\/entretormentas.com\/index.php?rest_route=%2Fwp%2Fv2%2Fcategories&post=23257"},{"taxonomy":"post_tag","embeddable":true,"href":"https:\/\/entretormentas.com\/index.php?rest_route=%2Fwp%2Fv2%2Ftags&post=23257"}],"curies":[{"name":"wp","href":"https:\/\/api.w.org\/{rel}","templated":true}]}}