{"id":23264,"date":"2025-10-11T07:07:41","date_gmt":"2025-10-11T11:07:41","guid":{"rendered":"https:\/\/entretormentas.com\/?p=23264"},"modified":"2025-10-11T07:07:42","modified_gmt":"2025-10-11T11:07:42","slug":"reconocimiento-trump-felicita-a-maria-machado-por-ganar-el-premio-nobel-de-la-paz","status":"publish","type":"post","link":"https:\/\/entretormentas.com\/reconocimiento-trump-felicita-a-maria-machado-por-ganar-el-premio-nobel-de-la-paz\/","title":{"rendered":"\u00a1RECONOCIMIENTO! Trump felicita a Mar\u00eda Machado por ganar el Premio Nobel de la Paz"},"content":{"rendered":"\n<p><strong>ENTRE TORMENTAS. <\/strong>El presidente de Estados Unidos, Donald Trump, llam\u00f3 a Mar\u00eda Corina Machado tras ser galardonada con el Premio Nobel de la Paz 2025. Fuentes cercanas al mandatario confirmaron a la agencia de noticias Bloomberg que el mandatario estadounidense se comunic\u00f3 personalmente con la l\u00edder opositora venezolana para felicitarla por el prestigioso reconocimiento.<\/p>\n\n\n\n<p>El contacto directo se produce en un momento de alta tensi\u00f3n diplom\u00e1tica y refuerza la l\u00ednea de apoyo de Washington a la oposici\u00f3n venezolana.<\/p>\n\n\n\n<p>La noticia de la llamada se conoci\u00f3 despu\u00e9s de que Machado hiciera p\u00fablica su gratitud en sus redes sociales, dedicando el Nobel de la Paz al Presidente Trump y al pueblo de Venezuela.<\/p>\n\n\n\n<p>En su mensaje, la l\u00edder opositora destac\u00f3 el \u201capoyo decisivo\u201d del mandatario estadounidense en la lucha por restaurar la democracia y la libertad en el pa\u00eds caribe\u00f1o.<\/p>\n\n\n\n<p>El Presidente Trump no tard\u00f3 en amplificar el mensaje, compartiendo la declaraci\u00f3n de Machado en su propia cuenta de redes sociales (Truth Social), lo que es interpretado como un sello de aprobaci\u00f3n presidencial a la dedicatoria.<br><strong><em>ET \/ Alerta 24<\/em><\/strong><\/p>\n","protected":false},"excerpt":{"rendered":"<p>ENTRE TORMENTAS. El presidente de Estados Unidos, Donald Trump, llam\u00f3 a Mar\u00eda Corina Machado tras&#8230;<\/p>\n","protected":false},"author":2,"featured_media":23265,"comment_status":"closed","ping_status":"open","sticky":false,"template":"","format":"standard","meta":{"footnotes":""},"categories":[56,48],"tags":[],"class_list":["post-23264","post","type-post","status-publish","format-standard","has-post-thumbnail","hentry","category-destacadas","category-internacionales"],"_links":{"self":[{"href":"https:\/\/entretormentas.com\/index.php?rest_route=\/wp\/v2\/posts\/23264","targetHints":{"allow":["GET"]}}],"collection":[{"href":"https:\/\/entretormentas.com\/index.php?rest_route=\/wp\/v2\/posts"}],"about":[{"href":"https:\/\/entretormentas.com\/index.php?rest_route=\/wp\/v2\/types\/post"}],"author":[{"embeddable":true,"href":"https:\/\/entretormentas.com\/index.php?rest_route=\/wp\/v2\/users\/2"}],"replies":[{"embeddable":true,"href":"https:\/\/entretormentas.com\/index.php?rest_route=%2Fwp%2Fv2%2Fcomments&post=23264"}],"version-history":[{"count":1,"href":"https:\/\/entretormentas.com\/index.php?rest_route=\/wp\/v2\/posts\/23264\/revisions"}],"predecessor-version":[{"id":23266,"href":"https:\/\/entretormentas.com\/index.php?rest_route=\/wp\/v2\/posts\/23264\/revisions\/23266"}],"wp:featuredmedia":[{"embeddable":true,"href":"https:\/\/entretormentas.com\/index.php?rest_route=\/wp\/v2\/media\/23265"}],"wp:attachment":[{"href":"https:\/\/entretormentas.com\/index.php?rest_route=%2Fwp%2Fv2%2Fmedia&parent=23264"}],"wp:term":[{"taxonomy":"category","embeddable":true,"href":"https:\/\/entretormentas.com\/index.php?rest_route=%2Fwp%2Fv2%2Fcategories&post=23264"},{"taxonomy":"post_tag","embeddable":true,"href":"https:\/\/entretormentas.com\/index.php?rest_route=%2Fwp%2Fv2%2Ftags&post=23264"}],"curies":[{"name":"wp","href":"https:\/\/api.w.org\/{rel}","templated":true}]}}