{"id":23272,"date":"2025-10-12T06:33:22","date_gmt":"2025-10-12T10:33:22","guid":{"rendered":"https:\/\/entretormentas.com\/?p=23272"},"modified":"2025-10-12T06:33:23","modified_gmt":"2025-10-12T10:33:23","slug":"con-espectaculo-musical-alcaldia-de-san-francisco-dio-inicio-al-preambulo-de-la-feria-del-lago-2025","status":"publish","type":"post","link":"https:\/\/entretormentas.com\/con-espectaculo-musical-alcaldia-de-san-francisco-dio-inicio-al-preambulo-de-la-feria-del-lago-2025\/","title":{"rendered":"\u00a1CON ESPECT\u00c1CULO MUSICAL! Alcald\u00eda de San Francisco dio inicio al pre\u00e1mbulo de la Feria del Lago 2025"},"content":{"rendered":"\n<p><strong>ENTRE TORMENTAS. <\/strong>La Alcald\u00eda de San Francisco, liderada por el alcalde H\u00e9ctor Soto, dio inicio este viernes al esperado pre\u00e1mbulo de la Feria del Lago San Francisco 2025, retomando una tradici\u00f3n que permaneci\u00f3 en pausa durante varios a\u00f1os.<\/p>\n\n\n\n<p>El evento se llev\u00f3 a cabo en el estacionamiento de la sede municipal, donde cientos de sanfranciscanos se reencontraron en una jornada que marca el renacer de una de las festividades m\u00e1s emblem\u00e1ticas y queridas por la comunidad.<\/p>\n\n\n\n<figure class=\"wp-block-image size-large\"><img fetchpriority=\"high\" decoding=\"async\" width=\"1024\" height=\"722\" src=\"https:\/\/entretormentas.com\/wp-content\/uploads\/2025\/10\/navisur2-1024x722.jpg\" alt=\"\" class=\"wp-image-23273\" srcset=\"https:\/\/entretormentas.com\/wp-content\/uploads\/2025\/10\/navisur2-1024x722.jpg 1024w, https:\/\/entretormentas.com\/wp-content\/uploads\/2025\/10\/navisur2-300x212.jpg 300w, https:\/\/entretormentas.com\/wp-content\/uploads\/2025\/10\/navisur2-768x542.jpg 768w, https:\/\/entretormentas.com\/wp-content\/uploads\/2025\/10\/navisur2.jpg 1080w\" sizes=\"(max-width: 1024px) 100vw, 1024px\" \/><\/figure>\n\n\n\n<p>La noche estuvo llena de m\u00fasica, alegr\u00eda y emoci\u00f3n con la presentaci\u00f3n estelar de Aniel Vel\u00e1zquez, acompa\u00f1ado de agrupaciones como Grupo Tambor, La M\u00e1quina del Sabor de Oscar Gamarra, La M\u00e1quina de la D\u00e9cada y el ensamble gaitero del Instituto P\u00fablico Municipal de la Cultura Juan de Dios Mart\u00ednez. Los asistentes disfrutaron de lo mejor del talento zuliano en un ambiente seguro, familiar y festivo, dando inicio a una programaci\u00f3n que se extender\u00e1 durante los pr\u00f3ximos viernes a partir de las 6:30 p.m.<\/p>\n\n\n\n<p>La actividad cont\u00f3 con la presencia del Alcalde Soto, quien comparti\u00f3 con los feligreses durante la jornada nocturna, destacando el valor cultural y tradicional de este reencuentro con el pre\u00e1mbulo de la \u00abFeria del Lago San Francisco 2025\u00bb.<\/p>\n\n\n\n<figure class=\"wp-block-image size-large\"><img decoding=\"async\" width=\"1024\" height=\"682\" src=\"https:\/\/entretormentas.com\/wp-content\/uploads\/2025\/10\/navisur3-1024x682.jpg\" alt=\"\" class=\"wp-image-23274\" srcset=\"https:\/\/entretormentas.com\/wp-content\/uploads\/2025\/10\/navisur3-1024x682.jpg 1024w, https:\/\/entretormentas.com\/wp-content\/uploads\/2025\/10\/navisur3-300x200.jpg 300w, https:\/\/entretormentas.com\/wp-content\/uploads\/2025\/10\/navisur3-768x512.jpg 768w, https:\/\/entretormentas.com\/wp-content\/uploads\/2025\/10\/navisur3.jpg 1280w\" sizes=\"(max-width: 1024px) 100vw, 1024px\" \/><\/figure>\n\n\n\n<p>La seguridad del evento fue garantizada por el equipo de Seguridad Ciudadana, junto a funcionarios de Polisur y Protecci\u00f3n Civil, quienes trabajaron de manera articulada para resguardar a los asistentes y mantener el orden durante toda la jornada.<\/p>\n\n\n\n<p>La Feria del Lago 2025 regresa con fuerza como s\u00edmbolo de unidad, tradici\u00f3n y alegr\u00eda. La Alcald\u00eda de San Francisco invita a todos los ciudadanos a sumarse a las pr\u00f3ximas actividades y celebrar juntos este reencuentro con las ra\u00edces culturales y festivas del municipio.<br><strong><em>ET \/ Prensa Alcald\u00eda de San Francisco<\/em><\/strong><\/p>\n","protected":false},"excerpt":{"rendered":"<p>ENTRE TORMENTAS. La Alcald\u00eda de San Francisco, liderada por el alcalde H\u00e9ctor Soto, dio inicio&#8230;<\/p>\n","protected":false},"author":2,"featured_media":23275,"comment_status":"closed","ping_status":"open","sticky":false,"template":"","format":"standard","meta":{"footnotes":""},"categories":[57,1],"tags":[],"class_list":["post-23272","post","type-post","status-publish","format-standard","has-post-thumbnail","hentry","category-actualidad","category-regionales"],"_links":{"self":[{"href":"https:\/\/entretormentas.com\/index.php?rest_route=\/wp\/v2\/posts\/23272","targetHints":{"allow":["GET"]}}],"collection":[{"href":"https:\/\/entretormentas.com\/index.php?rest_route=\/wp\/v2\/posts"}],"about":[{"href":"https:\/\/entretormentas.com\/index.php?rest_route=\/wp\/v2\/types\/post"}],"author":[{"embeddable":true,"href":"https:\/\/entretormentas.com\/index.php?rest_route=\/wp\/v2\/users\/2"}],"replies":[{"embeddable":true,"href":"https:\/\/entretormentas.com\/index.php?rest_route=%2Fwp%2Fv2%2Fcomments&post=23272"}],"version-history":[{"count":1,"href":"https:\/\/entretormentas.com\/index.php?rest_route=\/wp\/v2\/posts\/23272\/revisions"}],"predecessor-version":[{"id":23276,"href":"https:\/\/entretormentas.com\/index.php?rest_route=\/wp\/v2\/posts\/23272\/revisions\/23276"}],"wp:featuredmedia":[{"embeddable":true,"href":"https:\/\/entretormentas.com\/index.php?rest_route=\/wp\/v2\/media\/23275"}],"wp:attachment":[{"href":"https:\/\/entretormentas.com\/index.php?rest_route=%2Fwp%2Fv2%2Fmedia&parent=23272"}],"wp:term":[{"taxonomy":"category","embeddable":true,"href":"https:\/\/entretormentas.com\/index.php?rest_route=%2Fwp%2Fv2%2Fcategories&post=23272"},{"taxonomy":"post_tag","embeddable":true,"href":"https:\/\/entretormentas.com\/index.php?rest_route=%2Fwp%2Fv2%2Ftags&post=23272"}],"curies":[{"name":"wp","href":"https:\/\/api.w.org\/{rel}","templated":true}]}}