{"id":23282,"date":"2025-10-12T06:41:49","date_gmt":"2025-10-12T10:41:49","guid":{"rendered":"https:\/\/entretormentas.com\/?p=23282"},"modified":"2025-10-12T06:41:50","modified_gmt":"2025-10-12T10:41:50","slug":"en-jornada-de-mercado-popular-alcaldia-de-maracaibo-expende-mas-de-siete-toneladas-de-alimentos-en-la-chamarreta","status":"publish","type":"post","link":"https:\/\/entretormentas.com\/en-jornada-de-mercado-popular-alcaldia-de-maracaibo-expende-mas-de-siete-toneladas-de-alimentos-en-la-chamarreta\/","title":{"rendered":"\u00a1EN JORNADA DE MERCADO POPULAR! Alcald\u00eda de Maracaibo expende m\u00e1s de siete toneladas de alimentos en La Chamarreta"},"content":{"rendered":"\n<p><strong>ENTRE TORMENTAS. <\/strong>La Alcald\u00eda de Maracaibo a trav\u00e9s de la Direcci\u00f3n General de Alimentos, benefici\u00f3 a unas dos mil familias de La Chamarreta y sectores aleda\u00f1os de la parroquia Francisco Eugenio Bustamante, con el expendio de m\u00e1s de 7 toneladas de alimentos.<\/p>\n\n\n\n<p>As\u00ed lo inform\u00f3 Gelson Carrillo, director general de Alimentos de la Alcald\u00eda quien detall\u00f3 que la jornada permite a los beneficiarios adquirir productos de la cesta b\u00e1sica y otros art\u00edculos a precios que permiten un ahorro del 40%.<\/p>\n\n\n\n<figure class=\"wp-block-image size-large\"><img fetchpriority=\"high\" decoding=\"async\" width=\"1024\" height=\"733\" src=\"https:\/\/entretormentas.com\/wp-content\/uploads\/2025\/10\/jormer2-1024x733.jpg\" alt=\"\" class=\"wp-image-23283\" srcset=\"https:\/\/entretormentas.com\/wp-content\/uploads\/2025\/10\/jormer2-1024x733.jpg 1024w, https:\/\/entretormentas.com\/wp-content\/uploads\/2025\/10\/jormer2-300x215.jpg 300w, https:\/\/entretormentas.com\/wp-content\/uploads\/2025\/10\/jormer2-768x550.jpg 768w, https:\/\/entretormentas.com\/wp-content\/uploads\/2025\/10\/jormer2.jpg 1193w\" sizes=\"(max-width: 1024px) 100vw, 1024px\" \/><\/figure>\n\n\n\n<p>\u201cSon jornadas que desarrolla el alcalde Giancarlo Di Martino para que las familias de toda la ciudad tengan acceso a sus productos a precios realmente asequibles\u201d.<\/p>\n\n\n\n<p>Entre los rubros expendidos estuvieron productos c\u00e1rnicos, l\u00e1cteos, v\u00edveres, hortalizas, medicamentos, entre otros.<br>Indic\u00f3 el funcionario que la aceptaci\u00f3n de las jornadas ha sido tan positiva que pasaron de una a dos jornadas por semana.<\/p>\n\n\n\n<p><strong>EMPRENDEDORES ACTIVOS<\/strong><br>Destac\u00f3 Gelson Carrillo la participaci\u00f3n activa del sector econ\u00f3mico y productivo con la incorporaci\u00f3n a la jornada de m\u00e1s de 20 emprendedores que tienen el mercado popular bolivariano de la Alcald\u00eda, como una vitrina para ofrecer sus productos y trabajos.<\/p>\n\n\n\n<p>Kimberli D\u00edaz, emprendedora afirm\u00f3, \u201cesto es una ventana para nuestro sector y nos permite ofrecer productos y servicios a la colectividad, es maravilloso y esperamos poder seguir asistiendo a estas jornadas\u201d.<\/p>\n\n\n\n<p><strong>ATENCI\u00d3N M\u00c9DICA GRATUITA<\/strong><br>La jornada que tuvo lugar en la cancha deportiva de La Chamarreta, cont\u00f3 adem\u00e1s con cl\u00ednicas m\u00f3viles de la Alcald\u00eda, desde donde se ofreci\u00f3 atenci\u00f3n m\u00e9dica integral gratis, a trav\u00e9s de la Direcci\u00f3n Municipal de Salud, incluyendo la entrega de medicinas.<br>En esta oportunidad Farmapatria tambi\u00e9n se incorpor\u00f3 a la jornada de Mercado Popular con medicamentos de tipo antihipertensivo, antial\u00e9rgico, entre otros.<\/p>\n\n\n\n<figure class=\"wp-block-image size-large\"><img decoding=\"async\" width=\"1024\" height=\"683\" src=\"https:\/\/entretormentas.com\/wp-content\/uploads\/2025\/10\/jormer3-1024x683.jpg\" alt=\"\" class=\"wp-image-23284\" srcset=\"https:\/\/entretormentas.com\/wp-content\/uploads\/2025\/10\/jormer3-1024x683.jpg 1024w, https:\/\/entretormentas.com\/wp-content\/uploads\/2025\/10\/jormer3-300x200.jpg 300w, https:\/\/entretormentas.com\/wp-content\/uploads\/2025\/10\/jormer3-768x512.jpg 768w, https:\/\/entretormentas.com\/wp-content\/uploads\/2025\/10\/jormer3.jpg 1280w\" sizes=\"(max-width: 1024px) 100vw, 1024px\" \/><\/figure>\n\n\n\n<p>Darwin V\u00e1squez, gerente estadal de Farmapatria, indic\u00f3 \u201cestamos agradecidos con el alcalde Giancarlo Di Martino y la Primera Dama, Ana Clara de Di Martino por el apoyo para estar ac\u00e1; es la primera vez que participamos en las jornadas de la Alcald\u00eda y la idea, es poder trabajar de manera conjunta para darle calidad de vida a la poblaci\u00f3n\u201d.<\/p>\n\n\n\n<p>Carmen Freney\u00ed, beneficiaria dijo, \u201cvine a comprar pollo, huevos, vegetales, hortalizas, caf\u00e9; todo aqu\u00ed porque los precios son razonables, vale la pena visitar estas jornadas\u201d.<br><strong><em>ET \/ Prensa Alcald\u00eda de Maracaibo<\/em><\/strong><\/p>\n\n\n\n<p><\/p>\n","protected":false},"excerpt":{"rendered":"<p>ENTRE TORMENTAS. La Alcald\u00eda de Maracaibo a trav\u00e9s de la Direcci\u00f3n General de Alimentos, benefici\u00f3&#8230;<\/p>\n","protected":false},"author":2,"featured_media":23285,"comment_status":"closed","ping_status":"open","sticky":false,"template":"","format":"standard","meta":{"footnotes":""},"categories":[57,1],"tags":[],"class_list":["post-23282","post","type-post","status-publish","format-standard","has-post-thumbnail","hentry","category-actualidad","category-regionales"],"_links":{"self":[{"href":"https:\/\/entretormentas.com\/index.php?rest_route=\/wp\/v2\/posts\/23282","targetHints":{"allow":["GET"]}}],"collection":[{"href":"https:\/\/entretormentas.com\/index.php?rest_route=\/wp\/v2\/posts"}],"about":[{"href":"https:\/\/entretormentas.com\/index.php?rest_route=\/wp\/v2\/types\/post"}],"author":[{"embeddable":true,"href":"https:\/\/entretormentas.com\/index.php?rest_route=\/wp\/v2\/users\/2"}],"replies":[{"embeddable":true,"href":"https:\/\/entretormentas.com\/index.php?rest_route=%2Fwp%2Fv2%2Fcomments&post=23282"}],"version-history":[{"count":1,"href":"https:\/\/entretormentas.com\/index.php?rest_route=\/wp\/v2\/posts\/23282\/revisions"}],"predecessor-version":[{"id":23286,"href":"https:\/\/entretormentas.com\/index.php?rest_route=\/wp\/v2\/posts\/23282\/revisions\/23286"}],"wp:featuredmedia":[{"embeddable":true,"href":"https:\/\/entretormentas.com\/index.php?rest_route=\/wp\/v2\/media\/23285"}],"wp:attachment":[{"href":"https:\/\/entretormentas.com\/index.php?rest_route=%2Fwp%2Fv2%2Fmedia&parent=23282"}],"wp:term":[{"taxonomy":"category","embeddable":true,"href":"https:\/\/entretormentas.com\/index.php?rest_route=%2Fwp%2Fv2%2Fcategories&post=23282"},{"taxonomy":"post_tag","embeddable":true,"href":"https:\/\/entretormentas.com\/index.php?rest_route=%2Fwp%2Fv2%2Ftags&post=23282"}],"curies":[{"name":"wp","href":"https:\/\/api.w.org\/{rel}","templated":true}]}}