{"id":23287,"date":"2025-10-12T06:45:06","date_gmt":"2025-10-12T10:45:06","guid":{"rendered":"https:\/\/entretormentas.com\/?p=23287"},"modified":"2025-10-12T06:45:06","modified_gmt":"2025-10-12T10:45:06","slug":"en-el-sector-los-cactus-sedebat-visita-mas-de-80-comercios-en-campana-de-concientizacion-a-contribuyentes","status":"publish","type":"post","link":"https:\/\/entretormentas.com\/en-el-sector-los-cactus-sedebat-visita-mas-de-80-comercios-en-campana-de-concientizacion-a-contribuyentes\/","title":{"rendered":"\u00a1EN EL SECTOR LOS CACTUS! Sedebat visita m\u00e1s de 80 comercios en campa\u00f1a de concientizaci\u00f3n a contribuyentes"},"content":{"rendered":"\n<p><strong>ENTRE TORMENTAS.<\/strong> El Servicio Desconcentrado Bolivariano de Administraci\u00f3n Tributaria (Sedebat), cumpliendo con las directrices del Alcalde H\u00e9ctor Soto, desarroll\u00f3 una jornada de concientizaci\u00f3n tributaria en el sector Los Cactus, parroquia Domitila Flores, con el prop\u00f3sito de fortalecer la cultura fiscal y promover el cumplimiento responsable de los deberes tributarios.<\/p>\n\n\n\n<p>El Intendente Tributario Municipal, Antony Contreras, junto a su equipo de trabajo, se despleg\u00f3 en la zona productiva y comercial de Los Cactus, visitando m\u00e1s de 80 establecimientos para ofrecer informaci\u00f3n sobre los tr\u00e1mites y procesos establecidos en materia tributaria, adem\u00e1s de generar un espacio de di\u00e1logo directo con los contribuyentes.<\/p>\n\n\n\n<figure class=\"wp-block-image size-large\"><img fetchpriority=\"high\" decoding=\"async\" width=\"1024\" height=\"768\" src=\"https:\/\/entretormentas.com\/wp-content\/uploads\/2025\/10\/sedebatt2-1024x768.jpg\" alt=\"\" class=\"wp-image-23288\" srcset=\"https:\/\/entretormentas.com\/wp-content\/uploads\/2025\/10\/sedebatt2-1024x768.jpg 1024w, https:\/\/entretormentas.com\/wp-content\/uploads\/2025\/10\/sedebatt2-300x225.jpg 300w, https:\/\/entretormentas.com\/wp-content\/uploads\/2025\/10\/sedebatt2-768x576.jpg 768w, https:\/\/entretormentas.com\/wp-content\/uploads\/2025\/10\/sedebatt2.jpg 1280w\" sizes=\"(max-width: 1024px) 100vw, 1024px\" \/><\/figure>\n\n\n\n<p>Durante el recorrido, Contreras destac\u00f3 la receptividad del sector comercial, se\u00f1alando que este tipo de encuentros fortalecen la confianza y el trabajo conjunto. \u201cLa respuesta de los contribuyentes ha sido muy positiva, lo que demuestra que el impulso econ\u00f3mico que el alcalde H\u00e9ctor Soto brinda a las zonas productivas del municipio cuenta con un importante respaldo del sector comercial\u201d, afirm\u00f3.<\/p>\n\n\n\n<p>Por su parte, Antonio Acevedo, representante de la empresa Textilven, expres\u00f3: \u201cMe es grata la visita del intendente, porque podemos mantener una relaci\u00f3n armoniosa entre los comerciantes y el Sedebat. Esta iniciativa permite fortalecer el sistema tributario con el apoyo de todos\u201d.<\/p>\n\n\n\n<p>A trav\u00e9s de estas acciones, el Sedebat reafirma su compromiso con el desarrollo econ\u00f3mico local, promoviendo la educaci\u00f3n tributaria y escuchando las inquietudes de los contribuyentes para seguir consolidando un sistema fiscal m\u00e1s justo, transparente y participativo.<br><strong><em>ET \/ Prensa Alcald\u00eda de San Francisco<\/em><\/strong><\/p>\n","protected":false},"excerpt":{"rendered":"<p>ENTRE TORMENTAS. El Servicio Desconcentrado Bolivariano de Administraci\u00f3n Tributaria (Sedebat), cumpliendo con las directrices del&#8230;<\/p>\n","protected":false},"author":2,"featured_media":23289,"comment_status":"closed","ping_status":"open","sticky":false,"template":"","format":"standard","meta":{"footnotes":""},"categories":[57,1],"tags":[],"class_list":["post-23287","post","type-post","status-publish","format-standard","has-post-thumbnail","hentry","category-actualidad","category-regionales"],"_links":{"self":[{"href":"https:\/\/entretormentas.com\/index.php?rest_route=\/wp\/v2\/posts\/23287","targetHints":{"allow":["GET"]}}],"collection":[{"href":"https:\/\/entretormentas.com\/index.php?rest_route=\/wp\/v2\/posts"}],"about":[{"href":"https:\/\/entretormentas.com\/index.php?rest_route=\/wp\/v2\/types\/post"}],"author":[{"embeddable":true,"href":"https:\/\/entretormentas.com\/index.php?rest_route=\/wp\/v2\/users\/2"}],"replies":[{"embeddable":true,"href":"https:\/\/entretormentas.com\/index.php?rest_route=%2Fwp%2Fv2%2Fcomments&post=23287"}],"version-history":[{"count":1,"href":"https:\/\/entretormentas.com\/index.php?rest_route=\/wp\/v2\/posts\/23287\/revisions"}],"predecessor-version":[{"id":23290,"href":"https:\/\/entretormentas.com\/index.php?rest_route=\/wp\/v2\/posts\/23287\/revisions\/23290"}],"wp:featuredmedia":[{"embeddable":true,"href":"https:\/\/entretormentas.com\/index.php?rest_route=\/wp\/v2\/media\/23289"}],"wp:attachment":[{"href":"https:\/\/entretormentas.com\/index.php?rest_route=%2Fwp%2Fv2%2Fmedia&parent=23287"}],"wp:term":[{"taxonomy":"category","embeddable":true,"href":"https:\/\/entretormentas.com\/index.php?rest_route=%2Fwp%2Fv2%2Fcategories&post=23287"},{"taxonomy":"post_tag","embeddable":true,"href":"https:\/\/entretormentas.com\/index.php?rest_route=%2Fwp%2Fv2%2Ftags&post=23287"}],"curies":[{"name":"wp","href":"https:\/\/api.w.org\/{rel}","templated":true}]}}