{"id":23291,"date":"2025-10-12T06:48:32","date_gmt":"2025-10-12T10:48:32","guid":{"rendered":"https:\/\/entretormentas.com\/?p=23291"},"modified":"2025-10-12T06:48:33","modified_gmt":"2025-10-12T10:48:33","slug":"desde-la-alcaldia-de-maracaibo-realizan-operativo-de-saneamiento-ambiental-en-santa-rosa-de-agua","status":"publish","type":"post","link":"https:\/\/entretormentas.com\/desde-la-alcaldia-de-maracaibo-realizan-operativo-de-saneamiento-ambiental-en-santa-rosa-de-agua\/","title":{"rendered":"\u00a1DESDE LA ALCALD\u00cdA DE MARACAIBO! Realizan operativo de saneamiento ambiental en Santa Rosa de Agua"},"content":{"rendered":"\n<p><strong>ENTRE TORMENTAS. <\/strong>El pasado viernes, y como muestra de lealtad a la comunidad, el alcalde de Maracaibo, orden\u00f3 un despliegue de ambientalistas en el \u00e1rea de la plaza de Santa Rosa de Agua y los palafitos, para sanear la zona tur\u00edstica de desechos s\u00f3lidos generados por la actividad tur\u00edstica de la zona.<\/p>\n\n\n\n<p>Janner P\u00e9rez, presidente (e) del Instituto Municipal del Ambiente (IMA) inform\u00f3 que se dispuso de una cuadrilla de 20 ambientalistas, para realizar la intervenci\u00f3n del sector m\u00e1s la inclusi\u00f3n de camiones volteos, para realizar la limpieza y que la comunidad gozara de un ambiente agradable. \u201cTenemos que tomar conciencia como pobladores del sector y saber que recibimos a diario un gran n\u00famero de visitantes. Nosotros como Alcald\u00eda cumplimos con la limpieza, el saneamiento ambiental, y la comunidad debe ser garante de que el esfuerzo sea valorado\u201d.<\/p>\n\n\n\n<p>Resalt\u00f3 la importancia de entender que hay normas que se deben cumplir como buenos ciudadanos, \u201cy por ser zona tur\u00edstica, repleta de comercio, restaurantes, hay que acatar lo que establece la Ordenanza Ambiental Municipal, muy clara a la hora de hacer el llamado de atenci\u00f3n y de hacer valer lo que plasma en sus art\u00edculos\u201d, apunt\u00f3 P\u00e9rez.<\/p>\n\n\n\n<figure class=\"wp-block-image size-large\"><img fetchpriority=\"high\" decoding=\"async\" width=\"1024\" height=\"768\" src=\"https:\/\/entretormentas.com\/wp-content\/uploads\/2025\/10\/santaro2-1024x768.jpg\" alt=\"\" class=\"wp-image-23292\" srcset=\"https:\/\/entretormentas.com\/wp-content\/uploads\/2025\/10\/santaro2-1024x768.jpg 1024w, https:\/\/entretormentas.com\/wp-content\/uploads\/2025\/10\/santaro2-300x225.jpg 300w, https:\/\/entretormentas.com\/wp-content\/uploads\/2025\/10\/santaro2-768x576.jpg 768w, https:\/\/entretormentas.com\/wp-content\/uploads\/2025\/10\/santaro2.jpg 1040w\" sizes=\"(max-width: 1024px) 100vw, 1024px\" \/><\/figure>\n\n\n\n<p>Igualmente, el presidente del Instituto mencion\u00f3 que hay factores que influyen en la acumulaci\u00f3n de desechos en las costas de Santa Rosa y que adem\u00e1s los mismos, en su mayor\u00eda, son consecuencia del h\u00e1bitat presente. \u201cRecuerden que se trata de una zona tur\u00edstica y adem\u00e1s residencial, la actividad que all\u00ed se genera a diario es foco de proliferaci\u00f3n de desechos y m\u00e1s por ser orilla del lago, tambi\u00e9n influye que el oleaje arrastre la basura hacia las orillas\u201d.<\/p>\n\n\n\n<p>Desde el inicio de su gesti\u00f3n, el Alcalde Giancarlo Di Martino ha respondido a las solicitudes de la parroquia Coquivacoa y con \u00e9nfasis ha ordenado operativos para el sector Santa Rosa de Agua, donde sus habitantes muestran confianza, recordando que el burgomaestre siempre ha estado presente y ha sido consecuente con sus necesidades.<br><strong><em>ET \/ Prensa Alcald\u00eda de Maracaibo<\/em><\/strong><\/p>\n","protected":false},"excerpt":{"rendered":"<p>ENTRE TORMENTAS. El pasado viernes, y como muestra de lealtad a la comunidad, el alcalde&#8230;<\/p>\n","protected":false},"author":2,"featured_media":23293,"comment_status":"closed","ping_status":"open","sticky":false,"template":"","format":"standard","meta":{"footnotes":""},"categories":[57,1],"tags":[],"class_list":["post-23291","post","type-post","status-publish","format-standard","has-post-thumbnail","hentry","category-actualidad","category-regionales"],"_links":{"self":[{"href":"https:\/\/entretormentas.com\/index.php?rest_route=\/wp\/v2\/posts\/23291","targetHints":{"allow":["GET"]}}],"collection":[{"href":"https:\/\/entretormentas.com\/index.php?rest_route=\/wp\/v2\/posts"}],"about":[{"href":"https:\/\/entretormentas.com\/index.php?rest_route=\/wp\/v2\/types\/post"}],"author":[{"embeddable":true,"href":"https:\/\/entretormentas.com\/index.php?rest_route=\/wp\/v2\/users\/2"}],"replies":[{"embeddable":true,"href":"https:\/\/entretormentas.com\/index.php?rest_route=%2Fwp%2Fv2%2Fcomments&post=23291"}],"version-history":[{"count":1,"href":"https:\/\/entretormentas.com\/index.php?rest_route=\/wp\/v2\/posts\/23291\/revisions"}],"predecessor-version":[{"id":23294,"href":"https:\/\/entretormentas.com\/index.php?rest_route=\/wp\/v2\/posts\/23291\/revisions\/23294"}],"wp:featuredmedia":[{"embeddable":true,"href":"https:\/\/entretormentas.com\/index.php?rest_route=\/wp\/v2\/media\/23293"}],"wp:attachment":[{"href":"https:\/\/entretormentas.com\/index.php?rest_route=%2Fwp%2Fv2%2Fmedia&parent=23291"}],"wp:term":[{"taxonomy":"category","embeddable":true,"href":"https:\/\/entretormentas.com\/index.php?rest_route=%2Fwp%2Fv2%2Fcategories&post=23291"},{"taxonomy":"post_tag","embeddable":true,"href":"https:\/\/entretormentas.com\/index.php?rest_route=%2Fwp%2Fv2%2Ftags&post=23291"}],"curies":[{"name":"wp","href":"https:\/\/api.w.org\/{rel}","templated":true}]}}