{"id":23299,"date":"2025-10-12T06:56:33","date_gmt":"2025-10-12T10:56:33","guid":{"rendered":"https:\/\/entretormentas.com\/?p=23299"},"modified":"2025-10-12T06:56:34","modified_gmt":"2025-10-12T10:56:34","slug":"nuevo-rostro-de-maracaibo-di-martino-entrega-renovadas-las-plazas-mirador-coquivacoa-y-la-guariya","status":"publish","type":"post","link":"https:\/\/entretormentas.com\/nuevo-rostro-de-maracaibo-di-martino-entrega-renovadas-las-plazas-mirador-coquivacoa-y-la-guariya\/","title":{"rendered":"\u00a1NUEVO ROSTRO DE MARACAIBO! Di Martino entrega renovadas las Plazas Mirador-Coquivacoa y La Guariya"},"content":{"rendered":"\n<p><strong>ENTRE TORMENTAS.<\/strong> Contin\u00faan las buenas nuevas en la ciudad en la gesti\u00f3n del alcalde de Maracaibo, Giancarlo Di Martino, con la entrega de las plazas Mirador Coquivacoa y La Guariya.<\/p>\n\n\n\n<p>Ambos espacios est\u00e1n ubicados en el sector Valle Fr\u00edo, parroquia Santa Luc\u00eda,<br>fueron entregadas totalmente refaccionadas por Servicio Desconcentrado de Plazas y Parques (Sedepar), para el beneficio directo de m\u00e1s de seis mil habitantes de la zona.<\/p>\n\n\n\n<p>El alcalde de Maracaibo, Giancarlo Di Martino indic\u00f3, \u201cesta es una zona muy bonita de Maracaibo, Valle Fr\u00edo, la zona alta de nuestra ciudad; recuperar estas dos plazas es muy importante para nosotros, desde ac\u00e1 podemos ver nuestro Lago y nuestro puente, \u00edconos de los marabinos\u201d.<\/p>\n\n\n\n<figure class=\"wp-block-image size-full\"><img fetchpriority=\"high\" decoding=\"async\" width=\"826\" height=\"938\" src=\"https:\/\/entretormentas.com\/wp-content\/uploads\/2025\/10\/pardi2.jpg\" alt=\"\" class=\"wp-image-23300\" srcset=\"https:\/\/entretormentas.com\/wp-content\/uploads\/2025\/10\/pardi2.jpg 826w, https:\/\/entretormentas.com\/wp-content\/uploads\/2025\/10\/pardi2-264x300.jpg 264w, https:\/\/entretormentas.com\/wp-content\/uploads\/2025\/10\/pardi2-768x872.jpg 768w\" sizes=\"(max-width: 826px) 100vw, 826px\" \/><\/figure>\n\n\n\n<p>El m\u00e1ximo jefe municipal destac\u00f3 que la recuperaci\u00f3n de espacios y parques es una realidad por el trabajo conjunto y coordinado de los cuatro niveles de gobierno, \u201cestamos centrados en humanizar la gesti\u00f3n y devolver a la gente la Maracaibo que merece\u201d, concluy\u00f3.<\/p>\n\n\n\n<p>La jornada de reinauguraci\u00f3n en ambos espacios estuvo marcada por la alegr\u00eda y el \u00e1nimo de la ciudadan\u00eda que, comienza a ver un nuevo rostro de la Primera Ciudad de Venezuela: Maracaibo.<\/p>\n\n\n\n<p><strong>RECUPERACI\u00d3N TOTAL<\/strong><br>Namik Torres, director general de Sedepar detall\u00f3, \u201cestas plazas, por a\u00f1os, permanecieron sumergidas en el abandono y la desidia.<\/p>\n\n\n\n<figure class=\"wp-block-image size-full\"><img decoding=\"async\" width=\"854\" height=\"955\" src=\"https:\/\/entretormentas.com\/wp-content\/uploads\/2025\/10\/pardi3.jpg\" alt=\"\" class=\"wp-image-23301\" srcset=\"https:\/\/entretormentas.com\/wp-content\/uploads\/2025\/10\/pardi3.jpg 854w, https:\/\/entretormentas.com\/wp-content\/uploads\/2025\/10\/pardi3-268x300.jpg 268w, https:\/\/entretormentas.com\/wp-content\/uploads\/2025\/10\/pardi3-768x859.jpg 768w\" sizes=\"(max-width: 854px) 100vw, 854px\" \/><\/figure>\n\n\n\n<p>Precis\u00f3 Torres que los trabajos en la plaza Mirador Coquivacoa contemplaron limpieza y desmalezamiento, poda, siembra, paisajismo; reparaci\u00f3n, adecuaci\u00f3n y reacondicionamiento de superficies de concreto, reparaci\u00f3n de sistema el\u00e9ctrico, construcci\u00f3n de bancas y tanquillas el\u00e9ctricas, adecuaci\u00f3n de acometida, pintura general y colocaci\u00f3n de se\u00f1al\u00e9tica.<\/p>\n\n\n\n<p>Asimismo agreg\u00f3 que \u00aben la plaza La Guariya, el reacondicionamiento const\u00f3 de limpieza, desmalezamiento, instalaci\u00f3n de sistema de iluminaci\u00f3n, pintura general, rehabilitaci\u00f3n de garita principal, colocaci\u00f3n de estructuras de concreto, bomba de agua, siembra de ornato y paisajismo, colocaci\u00f3n de grama natural y realizaci\u00f3n de artes gr\u00e1ficos\u00bb.<\/p>\n\n\n\n<p><strong>ESPACIOS PARA LA RECREACI\u00d3N<\/strong><br>Hoy son devueltas a la comunidad convertidas en espacios vivos, dignos y llenos de posibilidades. Cuando rehabilitamos le devolvemos a la gente su derecho de vivir bonito, de compartir y su derecho a sentirse parte de una comunidad que los abraza\u201d.<\/p>\n\n\n\n<figure class=\"wp-block-image size-full\"><img decoding=\"async\" width=\"854\" height=\"977\" src=\"https:\/\/entretormentas.com\/wp-content\/uploads\/2025\/10\/pardi4.jpg\" alt=\"\" class=\"wp-image-23302\" srcset=\"https:\/\/entretormentas.com\/wp-content\/uploads\/2025\/10\/pardi4.jpg 854w, https:\/\/entretormentas.com\/wp-content\/uploads\/2025\/10\/pardi4-262x300.jpg 262w, https:\/\/entretormentas.com\/wp-content\/uploads\/2025\/10\/pardi4-768x879.jpg 768w\" sizes=\"(max-width: 854px) 100vw, 854px\" \/><\/figure>\n\n\n\n<p>Torres destac\u00f3 que, hasta<br>la fecha, han sido rehabilitadas y reinauguradas 16 plazas, como parte del plan de recuperaci\u00f3n de parques y espacios p\u00fablicos que adelanta el alcalde bolivariano Giancarlo Di Martino, en su af\u00e1n de devolverle a los marabinos la cara que merecen de su ciudad.<\/p>\n\n\n\n<p>Trino Ruiz, vecina del sector detall\u00f3, \u201cesto era lo que necesit\u00e1bamos en Maracaibo disposici\u00f3n de hacer las cosas para nosotros. Esto nos permite disfrutar de espacios dignos\u201d.<\/p>\n\n\n\n<p>La jornada de reinauguraci\u00f3n cont\u00f3 con la participaci\u00f3n de la escuela de gaita \u201cCelestino Rodr\u00edguez\u201d y la Escuela de Iniciaci\u00f3n de Gimnasia R\u00edtmica del Instituto Municipal de Deporte.<br><strong><em>ET \/ Prensa Alcald\u00eda de Maracaibo<\/em><\/strong><\/p>\n\n\n\n<p><\/p>\n","protected":false},"excerpt":{"rendered":"<p>ENTRE TORMENTAS. Contin\u00faan las buenas nuevas en la ciudad en la gesti\u00f3n del alcalde de&#8230;<\/p>\n","protected":false},"author":2,"featured_media":23303,"comment_status":"closed","ping_status":"open","sticky":false,"template":"","format":"standard","meta":{"footnotes":""},"categories":[57,1],"tags":[],"class_list":["post-23299","post","type-post","status-publish","format-standard","has-post-thumbnail","hentry","category-actualidad","category-regionales"],"_links":{"self":[{"href":"https:\/\/entretormentas.com\/index.php?rest_route=\/wp\/v2\/posts\/23299","targetHints":{"allow":["GET"]}}],"collection":[{"href":"https:\/\/entretormentas.com\/index.php?rest_route=\/wp\/v2\/posts"}],"about":[{"href":"https:\/\/entretormentas.com\/index.php?rest_route=\/wp\/v2\/types\/post"}],"author":[{"embeddable":true,"href":"https:\/\/entretormentas.com\/index.php?rest_route=\/wp\/v2\/users\/2"}],"replies":[{"embeddable":true,"href":"https:\/\/entretormentas.com\/index.php?rest_route=%2Fwp%2Fv2%2Fcomments&post=23299"}],"version-history":[{"count":1,"href":"https:\/\/entretormentas.com\/index.php?rest_route=\/wp\/v2\/posts\/23299\/revisions"}],"predecessor-version":[{"id":23304,"href":"https:\/\/entretormentas.com\/index.php?rest_route=\/wp\/v2\/posts\/23299\/revisions\/23304"}],"wp:featuredmedia":[{"embeddable":true,"href":"https:\/\/entretormentas.com\/index.php?rest_route=\/wp\/v2\/media\/23303"}],"wp:attachment":[{"href":"https:\/\/entretormentas.com\/index.php?rest_route=%2Fwp%2Fv2%2Fmedia&parent=23299"}],"wp:term":[{"taxonomy":"category","embeddable":true,"href":"https:\/\/entretormentas.com\/index.php?rest_route=%2Fwp%2Fv2%2Fcategories&post=23299"},{"taxonomy":"post_tag","embeddable":true,"href":"https:\/\/entretormentas.com\/index.php?rest_route=%2Fwp%2Fv2%2Ftags&post=23299"}],"curies":[{"name":"wp","href":"https:\/\/api.w.org\/{rel}","templated":true}]}}