{"id":23305,"date":"2025-10-12T07:04:53","date_gmt":"2025-10-12T11:04:53","guid":{"rendered":"https:\/\/entretormentas.com\/?p=23305"},"modified":"2025-10-12T07:04:54","modified_gmt":"2025-10-12T11:04:54","slug":"esta-es-una-muestra-de-la-venezuela-y-el-zulia-en-potencia-luis-caldera-en-la-48a-feria-expocomercial-ganadera-de-rosario-de-perija","status":"publish","type":"post","link":"https:\/\/entretormentas.com\/esta-es-una-muestra-de-la-venezuela-y-el-zulia-en-potencia-luis-caldera-en-la-48a-feria-expocomercial-ganadera-de-rosario-de-perija\/","title":{"rendered":"\u00abESTA ES UNA MUESTRA DE LA VENEZUELA Y EL ZULIA EN POTENCIA\u00bb: Luis Caldera en la 48\u00aa Feria Expocomercial Ganadera de Rosario de Perij\u00e1"},"content":{"rendered":"\n<p><strong>ENTRE TORMENTAS. <\/strong>\u201cLa 48\u00aa edici\u00f3n de la Feria Expocomercial Ganadera del municipio Rosario de Perij\u00e1, del estado Zulia, es una muestra de la Venezuela potencia, es un ejemplo del Zulia potencia. Nos sentimos, en la Gobernaci\u00f3n Bolivariana, honrados y orgullosos de poder acompa\u00f1ar en esta cuadrag\u00e9sima octava edici\u00f3n de esta feria, en la que participan 56 agropecuarias y empresas familiares, logrando la exposici\u00f3n de m\u00e1s de 520 animales\u201d.<\/p>\n\n\n\n<p>Esta declaraci\u00f3n la ofreci\u00f3 el gobernador Luis Caldera, en el Parque Ferial Azael Mart\u00ednez, junto a autoridades municipales, militares y ganaderas, la tarde del s\u00e1bado 11 de octubre.<\/p>\n\n\n\n<p>Caldera expres\u00f3 que desde Perij\u00e1 y junto a la Federaci\u00f3n de Ganaderos del Lago (Fegalago), la Uni\u00f3n de Ganaderos de la Villa del Rosario, todas las federaciones de esa zona perijanera, con el alcalde de Rosario de Perij\u00e1, Ely Ram\u00f3n Atencio, con la Secretar\u00eda de Desarrollo Agropecuario de la Gobernaci\u00f3n, instituciones estadales, municipales, nacionales, este encuentro sirve para consolidar la producci\u00f3n de leche y carne del Zulia.<\/p>\n\n\n\n<figure class=\"wp-block-image size-full\"><img fetchpriority=\"high\" decoding=\"async\" width=\"990\" height=\"720\" src=\"https:\/\/entretormentas.com\/wp-content\/uploads\/2025\/10\/vacamu2.jpg\" alt=\"\" class=\"wp-image-23306\" srcset=\"https:\/\/entretormentas.com\/wp-content\/uploads\/2025\/10\/vacamu2.jpg 990w, https:\/\/entretormentas.com\/wp-content\/uploads\/2025\/10\/vacamu2-300x218.jpg 300w, https:\/\/entretormentas.com\/wp-content\/uploads\/2025\/10\/vacamu2-768x559.jpg 768w\" sizes=\"(max-width: 990px) 100vw, 990px\" \/><\/figure>\n\n\n\n<p>Asimismo, la Feria Expocomercial Ganadera permite \u201creforzar las relaciones interinstitucionales entre los gremios ganaderos y las instituciones del Estado, abordando los temas que nos son comunes, en materia de seguridad, de vialidad, de producci\u00f3n y de todo ese esfuerzo que viene haciendo nuestro pueblo perijanero\u201d, manifest\u00f3.<\/p>\n\n\n\n<p>La autoridad regional sostuvo: \u201cEsta es una muestra de la Venezuela potencia y del Zulia potencia, que se crece en medio de las dificultades y que somos capaces de unirnos, que tenemos puntos comunes para garantizar la transformaci\u00f3n econ\u00f3mica de la Rep\u00fablica Bolivariana de Venezuela\u201d.<\/p>\n\n\n\n<p>Resalt\u00f3 que ha sido una l\u00ednea directa del presidente Nicol\u00e1s Maduro Moros \u201capoyar al sector productivo, a trav\u00e9s de todos los ministerios que tengan competencia en materia agropecuaria\u201d.<\/p>\n\n\n\n<p><strong>SEGURIDAD<\/strong><br>El gobernador Luis Caldera manifest\u00f3: \u00abComo acompa\u00f1ante de esta actividad hemos promovido el encuentro de todo el sector de la seguridad, est\u00e1 el General de Brigada Jos\u00e9 Viloria, jefe del Comando Zonal de la Guardia Nacional Bolivariana, para reiterarles a los ganaderos, a los productores, a los emprendedores, a las familias, la cercan\u00eda y el apoyo\u00bb.<\/p>\n\n\n\n<figure class=\"wp-block-image size-large\"><img decoding=\"async\" width=\"1024\" height=\"576\" src=\"https:\/\/entretormentas.com\/wp-content\/uploads\/2025\/10\/vacamu3-1024x576.jpg\" alt=\"\" class=\"wp-image-23307\" srcset=\"https:\/\/entretormentas.com\/wp-content\/uploads\/2025\/10\/vacamu3-1024x576.jpg 1024w, https:\/\/entretormentas.com\/wp-content\/uploads\/2025\/10\/vacamu3-300x169.jpg 300w, https:\/\/entretormentas.com\/wp-content\/uploads\/2025\/10\/vacamu3-768x432.jpg 768w, https:\/\/entretormentas.com\/wp-content\/uploads\/2025\/10\/vacamu3.jpg 1080w\" sizes=\"(max-width: 1024px) 100vw, 1024px\" \/><\/figure>\n\n\n\n<p><strong>LA MEJOR FERIA DEL OCCIDENTE<\/strong><br>\u201cSiempre he dicho que la actividad productiva del Zulia tiene una gran caracter\u00edstica nacional: es una actividad familiar, es de herencia, es de valores, es transmitida desde los abuelos, nietos, y esto le da una caracter\u00edstica propia y sin duda esta es la mejor feria del Occidente del pa\u00eds y vamos a competir con la mejor feria ganadera de Venezuela\u201d, expres\u00f3.<\/p>\n\n\n\n<p>Para Luis Caldera, tener aqu\u00ed -en el Parque Ferial Azael Mart\u00ednez- \u201cm\u00e1s de 520 animales, sin contar los becerros ni carneros, tener aqu\u00ed 56 agropecuarias que son emprendimientos familiares, multifamiliares; a las casas y firmas comerciales con el alimento balanceado para los animales, adem\u00e1s la venta de tractores, equipamiento\u2026 es decir se da un encadenamiento productivo y la Villa del Rosario es el epicentro, que en las fiestas en honor a su Patrona, Nuestra Se\u00f1ora del Rosario, estamos aqu\u00ed garantizando esta actividad\u201d.<\/p>\n\n\n\n<p>\u201cSaludo efusivamente a todo el pueblo rosarense, le reitero nuestro aprecio, nuestra disposici\u00f3n a seguir trabajando. Qu\u00e9 bueno que estemos aqu\u00ed todas las autoridades municipales, con el alcalde Ely Ram\u00f3n Atencio, los concejales y concejalas\u201d, dijo.<\/p>\n\n\n\n<figure class=\"wp-block-image size-large\"><img decoding=\"async\" width=\"1024\" height=\"683\" src=\"https:\/\/entretormentas.com\/wp-content\/uploads\/2025\/10\/vacamu4-1024x683.jpg\" alt=\"\" class=\"wp-image-23308\" srcset=\"https:\/\/entretormentas.com\/wp-content\/uploads\/2025\/10\/vacamu4-1024x683.jpg 1024w, https:\/\/entretormentas.com\/wp-content\/uploads\/2025\/10\/vacamu4-300x200.jpg 300w, https:\/\/entretormentas.com\/wp-content\/uploads\/2025\/10\/vacamu4-768x512.jpg 768w, https:\/\/entretormentas.com\/wp-content\/uploads\/2025\/10\/vacamu4.jpg 1080w\" sizes=\"(max-width: 1024px) 100vw, 1024px\" \/><\/figure>\n\n\n\n<p>Est\u00e1n presentes, igualmente, en esta gran actividad el doctor On\u00e9simo Prado, quien preside la Federaci\u00f3n de Ganaderos del Lago de Maracaibo; el doctor Adafel Berrueto, presidente de la Uni\u00f3n de Ganaderos de la Villa y Jes\u00fas Rodolfo Rinc\u00f3n, presidente de la Uni\u00f3n de Ganaderos de San Jos\u00e9 de Perij\u00e1.<\/p>\n\n\n\n<p>Igualmente resalt\u00f3: \u201cAlgo importante y es bueno que el pa\u00eds sepa. Me dec\u00eda el consejo comunal del territorio que fue invitado a participar por los ganaderos y est\u00e1n aqu\u00ed en una mesa en el parque ferial. Eso significa que todos estamos unidos por el pa\u00eds, por el desarrollo\u201d.<br><strong><em>ET \/ Nota de Prensa<\/em><\/strong><\/p>\n\n\n\n<p><\/p>\n","protected":false},"excerpt":{"rendered":"<p>ENTRE TORMENTAS. \u201cLa 48\u00aa edici\u00f3n de la Feria Expocomercial Ganadera del municipio Rosario de Perij\u00e1,&#8230;<\/p>\n","protected":false},"author":2,"featured_media":23309,"comment_status":"closed","ping_status":"open","sticky":false,"template":"","format":"standard","meta":{"footnotes":""},"categories":[57,1],"tags":[],"class_list":["post-23305","post","type-post","status-publish","format-standard","has-post-thumbnail","hentry","category-actualidad","category-regionales"],"_links":{"self":[{"href":"https:\/\/entretormentas.com\/index.php?rest_route=\/wp\/v2\/posts\/23305","targetHints":{"allow":["GET"]}}],"collection":[{"href":"https:\/\/entretormentas.com\/index.php?rest_route=\/wp\/v2\/posts"}],"about":[{"href":"https:\/\/entretormentas.com\/index.php?rest_route=\/wp\/v2\/types\/post"}],"author":[{"embeddable":true,"href":"https:\/\/entretormentas.com\/index.php?rest_route=\/wp\/v2\/users\/2"}],"replies":[{"embeddable":true,"href":"https:\/\/entretormentas.com\/index.php?rest_route=%2Fwp%2Fv2%2Fcomments&post=23305"}],"version-history":[{"count":1,"href":"https:\/\/entretormentas.com\/index.php?rest_route=\/wp\/v2\/posts\/23305\/revisions"}],"predecessor-version":[{"id":23310,"href":"https:\/\/entretormentas.com\/index.php?rest_route=\/wp\/v2\/posts\/23305\/revisions\/23310"}],"wp:featuredmedia":[{"embeddable":true,"href":"https:\/\/entretormentas.com\/index.php?rest_route=\/wp\/v2\/media\/23309"}],"wp:attachment":[{"href":"https:\/\/entretormentas.com\/index.php?rest_route=%2Fwp%2Fv2%2Fmedia&parent=23305"}],"wp:term":[{"taxonomy":"category","embeddable":true,"href":"https:\/\/entretormentas.com\/index.php?rest_route=%2Fwp%2Fv2%2Fcategories&post=23305"},{"taxonomy":"post_tag","embeddable":true,"href":"https:\/\/entretormentas.com\/index.php?rest_route=%2Fwp%2Fv2%2Ftags&post=23305"}],"curies":[{"name":"wp","href":"https:\/\/api.w.org\/{rel}","templated":true}]}}