{"id":23311,"date":"2025-10-12T07:14:18","date_gmt":"2025-10-12T11:14:18","guid":{"rendered":"https:\/\/entretormentas.com\/?p=23311"},"modified":"2025-10-12T07:14:19","modified_gmt":"2025-10-12T11:14:19","slug":"recoleccion-domiciliaria-3-veces-por-semana-para-4-parroquias-alcaldia-suma-cinco-nuevos-compactadores-para-la-recoleccion-de-desechos-en-maracaibo","status":"publish","type":"post","link":"https:\/\/entretormentas.com\/recoleccion-domiciliaria-3-veces-por-semana-para-4-parroquias-alcaldia-suma-cinco-nuevos-compactadores-para-la-recoleccion-de-desechos-en-maracaibo\/","title":{"rendered":"\u00a1RECOLECCI\u00d3N DOMICILIARIA 3 VECES POR SEMANA PARA 4 PARROQUIAS! Alcald\u00eda suma cinco nuevos compactadores para la recolecci\u00f3n de desechos en Maracaibo"},"content":{"rendered":"\n<p><strong><em>A partir del 1 de noviembre se implementar\u00e1 un nuevo sistema de recaudaci\u00f3n del servicio de recolecci\u00f3n domiciliaria que tendr\u00e1 un costo de $5 mensuales en base a la tasa del BCV<\/em><\/strong><\/p>\n\n\n\n<p><strong>ENTRE TORMENTAS.<\/strong> Con cinco nuevos camiones compactadores de desechos s\u00f3lidos, la Alcald\u00eda de Maracaibo, a trav\u00e9s del Instituto Municipal de Aseo Urbano (Imau), reforzar\u00e1 las jornadas de recolecci\u00f3n domiciliaria en la ciudad.<\/p>\n\n\n\n<p>La entrega estuvo a cargo del director general (E) y presidente (E) del Imau, Joemel Robles, acompa\u00f1ado del director del despacho, Gianluigi Di Martino Barboza, durante la jornada que, este s\u00e1bado 11 de octubre, llev\u00f3 la municipalidad a los habitantes de la urbanizaci\u00f3n La Chamarreta y sectores cercanos en la parroquia Francisco Eugenio Bustamante.<\/p>\n\n\n\n<p>Las unidades cuentan con una capacidad de 20 yardas cada una. A esta flota se sum\u00f3 otra una unidad compactadora repotenciada, dos camionetas pick up, para la supervisi\u00f3n de los recorridos, una unidad m\u00f3vil de transferencia y un autob\u00fas para el traslado del personal de la instituci\u00f3n.<\/p>\n\n\n\n<figure class=\"wp-block-image size-large\"><img fetchpriority=\"high\" decoding=\"async\" width=\"1024\" height=\"683\" src=\"https:\/\/entretormentas.com\/wp-content\/uploads\/2025\/10\/robleaseo2-1024x683.jpg\" alt=\"\" class=\"wp-image-23312\" srcset=\"https:\/\/entretormentas.com\/wp-content\/uploads\/2025\/10\/robleaseo2-1024x683.jpg 1024w, https:\/\/entretormentas.com\/wp-content\/uploads\/2025\/10\/robleaseo2-300x200.jpg 300w, https:\/\/entretormentas.com\/wp-content\/uploads\/2025\/10\/robleaseo2-768x512.jpg 768w, https:\/\/entretormentas.com\/wp-content\/uploads\/2025\/10\/robleaseo2.jpg 1200w\" sizes=\"(max-width: 1024px) 100vw, 1024px\" \/><\/figure>\n\n\n\n<p>Explic\u00f3 que estos camiones, con los ya entregados el pasado 8 de septiembre, se sumar\u00e1n al despliegue mancomunado con la Empresa Socialista Maracaibo Oeste, creada por el gobernador Luis Caldera con las comunas, y la empresa privada Fospuca.<\/p>\n\n\n\n<p><strong>AUMENTA LA RECOLECCI\u00d3N DOMICILIARIA<\/strong><br>Tambi\u00e9n se anunci\u00f3 que desde este lunes 13 de octubre, la Alcald\u00eda de Maracaibo iniciar\u00e1 con la recolecci\u00f3n domiciliaria diurna, a trav\u00e9s del Instituto Municipal de Aseo Urbano (Imau), en cuatro parroquias de la ciudad.<\/p>\n\n\n\n<p>Olegario Villalobos, Juana de \u00c1vila, Cacique Mara y Cecilio Acosta ser\u00e1n las primeras en recibir este servicio tres veces por semana.<\/p>\n\n\n\n<p>El director general (E) de Servicios P\u00fablicos y presidente (E) del Imau detall\u00f3 que los d\u00edas: lunes mi\u00e9rcoles y viernes se realizar\u00e1 la recolecci\u00f3n en las parroquias Olegario Villalobos y Juana de \u00c1vila, mientras que los d\u00edas: martes, jueves y s\u00e1bado le corresponder\u00e1 a Cacique Mara y Cecilio Acosta.<\/p>\n\n\n\n<p>Destac\u00f3 que para el mes de noviembre se estar\u00e1n incorporando nuevas parroquias a este proceso de normalizaci\u00f3n para llegar a finales de diciembre al 100% de la recolecci\u00f3n en la ciudad.<\/p>\n\n\n\n<p>Inst\u00f3 a los marabinos de los sectores de estas parroquias a sacar sus desechos, desde las 6:00 de la ma\u00f1ana, los d\u00edas que les corresponda. No obstante, adelant\u00f3 que el lunes el equipo social saldr\u00e1 a informarles que la jornada ser\u00e1 diurna y hasta las 10:00 de la ma\u00f1ana.<\/p>\n\n\n\n<figure class=\"wp-block-image size-full\"><img decoding=\"async\" width=\"1024\" height=\"682\" src=\"https:\/\/entretormentas.com\/wp-content\/uploads\/2025\/10\/robleaseo3.jpg\" alt=\"\" class=\"wp-image-23313\" srcset=\"https:\/\/entretormentas.com\/wp-content\/uploads\/2025\/10\/robleaseo3.jpg 1024w, https:\/\/entretormentas.com\/wp-content\/uploads\/2025\/10\/robleaseo3-300x200.jpg 300w, https:\/\/entretormentas.com\/wp-content\/uploads\/2025\/10\/robleaseo3-768x512.jpg 768w\" sizes=\"(max-width: 1024px) 100vw, 1024px\" \/><\/figure>\n\n\n\n<p><strong>NUEVO SISTEMA DE RECAUDACI\u00d3N<\/strong><br>Asimismo, anunci\u00f3 que, \u201ca partir del 1 de noviembre, se implementar\u00e1 un nuevo sistema de recaudaci\u00f3n del servicio de recolecci\u00f3n domiciliaria en Maracaibo que tendr\u00e1 un valor de $5 en base al c\u00e1lculo de la tasa del Banco Central de Venezuela (BCV), por lo que en las pr\u00f3ximas semanas estaremos firmando convenios con las empresas para llevar a cabo este proceso para avanzar con la transformaci\u00f3n de la ciudad\u00bb.<\/p>\n\n\n\n<p><strong>M\u00c1S CAMIONES PARA MEJORAR LA FRECUENCIA<\/strong><br>Robles anunci\u00f3 adem\u00e1s, la incorporaci\u00f3n a mediados de noviembre de 60 nuevos camiones compactadores en alianza con la empresa Fospuca, lo que permitir\u00e1 pasar de una frecuencia de recolecci\u00f3n de dos y tres veces por semana a una recolecci\u00f3n diaria.<\/p>\n\n\n\n<p>Estima tambi\u00e9n que, para final de diciembre esta frecuencia se materialice en todas las parroquias del municipio.<br><strong><em>ET \/ Prensa Alcald\u00eda de Maracaibo<\/em><\/strong><\/p>\n\n\n\n<p><\/p>\n","protected":false},"excerpt":{"rendered":"<p>A partir del 1 de noviembre se implementar\u00e1 un nuevo sistema de recaudaci\u00f3n del servicio&#8230;<\/p>\n","protected":false},"author":2,"featured_media":23314,"comment_status":"closed","ping_status":"open","sticky":false,"template":"","format":"standard","meta":{"footnotes":""},"categories":[57,1],"tags":[],"class_list":["post-23311","post","type-post","status-publish","format-standard","has-post-thumbnail","hentry","category-actualidad","category-regionales"],"_links":{"self":[{"href":"https:\/\/entretormentas.com\/index.php?rest_route=\/wp\/v2\/posts\/23311","targetHints":{"allow":["GET"]}}],"collection":[{"href":"https:\/\/entretormentas.com\/index.php?rest_route=\/wp\/v2\/posts"}],"about":[{"href":"https:\/\/entretormentas.com\/index.php?rest_route=\/wp\/v2\/types\/post"}],"author":[{"embeddable":true,"href":"https:\/\/entretormentas.com\/index.php?rest_route=\/wp\/v2\/users\/2"}],"replies":[{"embeddable":true,"href":"https:\/\/entretormentas.com\/index.php?rest_route=%2Fwp%2Fv2%2Fcomments&post=23311"}],"version-history":[{"count":1,"href":"https:\/\/entretormentas.com\/index.php?rest_route=\/wp\/v2\/posts\/23311\/revisions"}],"predecessor-version":[{"id":23315,"href":"https:\/\/entretormentas.com\/index.php?rest_route=\/wp\/v2\/posts\/23311\/revisions\/23315"}],"wp:featuredmedia":[{"embeddable":true,"href":"https:\/\/entretormentas.com\/index.php?rest_route=\/wp\/v2\/media\/23314"}],"wp:attachment":[{"href":"https:\/\/entretormentas.com\/index.php?rest_route=%2Fwp%2Fv2%2Fmedia&parent=23311"}],"wp:term":[{"taxonomy":"category","embeddable":true,"href":"https:\/\/entretormentas.com\/index.php?rest_route=%2Fwp%2Fv2%2Fcategories&post=23311"},{"taxonomy":"post_tag","embeddable":true,"href":"https:\/\/entretormentas.com\/index.php?rest_route=%2Fwp%2Fv2%2Ftags&post=23311"}],"curies":[{"name":"wp","href":"https:\/\/api.w.org\/{rel}","templated":true}]}}