{"id":23320,"date":"2025-10-12T07:20:46","date_gmt":"2025-10-12T11:20:46","guid":{"rendered":"https:\/\/entretormentas.com\/?p=23320"},"modified":"2025-10-12T07:20:47","modified_gmt":"2025-10-12T11:20:47","slug":"p0r-fuerzas-mayores-cancelan-amistoso-venezuela-belice-previsto-para-el-martes-en-eeuu","status":"publish","type":"post","link":"https:\/\/entretormentas.com\/p0r-fuerzas-mayores-cancelan-amistoso-venezuela-belice-previsto-para-el-martes-en-eeuu\/","title":{"rendered":"\u00a1P0R FUERZAS MAYORES! Cancelan amistoso Venezuela-Belice previsto para el martes en EEUU"},"content":{"rendered":"\n<p><strong>ENTRE TORMENTAS. <\/strong>El partido amistoso Venezuela vs. Belice, que estaba previsto para el pr\u00f3ximo martes en la ciudad estadounidense de Chicago, fue cancelado por \u00abcircunstancias de fuerza mayor\u00bb, inform\u00f3 este s\u00e1bado la Federaci\u00f3n Venezolana de F\u00fatbol (FVF).<\/p>\n\n\n\n<p>En un comunicado compartido en la red social X, la instituci\u00f3n asegur\u00f3 haber sido notificada de la cancelaci\u00f3n por parte de \u00abla empresa productora VMG Sports &amp; Entertainment LLC, encargada de la organizaci\u00f3n\u00bb del amistoso.<\/p>\n\n\n\n<figure class=\"wp-block-image size-large\"><img fetchpriority=\"high\" decoding=\"async\" width=\"819\" height=\"1024\" src=\"https:\/\/entretormentas.com\/wp-content\/uploads\/2025\/10\/belice2-819x1024.jpg\" alt=\"\" class=\"wp-image-23321\" srcset=\"https:\/\/entretormentas.com\/wp-content\/uploads\/2025\/10\/belice2-819x1024.jpg 819w, https:\/\/entretormentas.com\/wp-content\/uploads\/2025\/10\/belice2-240x300.jpg 240w, https:\/\/entretormentas.com\/wp-content\/uploads\/2025\/10\/belice2-768x960.jpg 768w, https:\/\/entretormentas.com\/wp-content\/uploads\/2025\/10\/belice2.jpg 864w\" sizes=\"(max-width: 819px) 100vw, 819px\" \/><\/figure>\n\n\n\n<p>\u00abLa empresa reconoci\u00f3 que se realizaron esfuerzos iniciales para explorar sedes alternativas, incluyendo una posible reubicaci\u00f3n a Miami. Sin embargo, fuimos notificados de la inviabilidad -a consideraci\u00f3n de la productora- de esta opci\u00f3n\u00bb, reza el texto.<\/p>\n\n\n\n<p>La FVF lament\u00f3 esta situaci\u00f3n que, dijo, afecta \u00abla planificaci\u00f3n deportiva de la selecci\u00f3n nacional absoluta, dise\u00f1ada con antelaci\u00f3n y en estricto cumplimiento de los protocolos FIFA para la presente fecha internacional\u00bb.<br><strong><em>ET \/ EFE<\/em><\/strong><\/p>\n","protected":false},"excerpt":{"rendered":"<p>ENTRE TORMENTAS. El partido amistoso Venezuela vs. Belice, que estaba previsto para el pr\u00f3ximo martes&#8230;<\/p>\n","protected":false},"author":2,"featured_media":23322,"comment_status":"closed","ping_status":"open","sticky":false,"template":"","format":"standard","meta":{"footnotes":""},"categories":[53,56],"tags":[],"class_list":["post-23320","post","type-post","status-publish","format-standard","has-post-thumbnail","hentry","category-deportes","category-destacadas"],"_links":{"self":[{"href":"https:\/\/entretormentas.com\/index.php?rest_route=\/wp\/v2\/posts\/23320","targetHints":{"allow":["GET"]}}],"collection":[{"href":"https:\/\/entretormentas.com\/index.php?rest_route=\/wp\/v2\/posts"}],"about":[{"href":"https:\/\/entretormentas.com\/index.php?rest_route=\/wp\/v2\/types\/post"}],"author":[{"embeddable":true,"href":"https:\/\/entretormentas.com\/index.php?rest_route=\/wp\/v2\/users\/2"}],"replies":[{"embeddable":true,"href":"https:\/\/entretormentas.com\/index.php?rest_route=%2Fwp%2Fv2%2Fcomments&post=23320"}],"version-history":[{"count":1,"href":"https:\/\/entretormentas.com\/index.php?rest_route=\/wp\/v2\/posts\/23320\/revisions"}],"predecessor-version":[{"id":23323,"href":"https:\/\/entretormentas.com\/index.php?rest_route=\/wp\/v2\/posts\/23320\/revisions\/23323"}],"wp:featuredmedia":[{"embeddable":true,"href":"https:\/\/entretormentas.com\/index.php?rest_route=\/wp\/v2\/media\/23322"}],"wp:attachment":[{"href":"https:\/\/entretormentas.com\/index.php?rest_route=%2Fwp%2Fv2%2Fmedia&parent=23320"}],"wp:term":[{"taxonomy":"category","embeddable":true,"href":"https:\/\/entretormentas.com\/index.php?rest_route=%2Fwp%2Fv2%2Fcategories&post=23320"},{"taxonomy":"post_tag","embeddable":true,"href":"https:\/\/entretormentas.com\/index.php?rest_route=%2Fwp%2Fv2%2Ftags&post=23320"}],"curies":[{"name":"wp","href":"https:\/\/api.w.org\/{rel}","templated":true}]}}