{"id":23327,"date":"2025-10-12T07:25:20","date_gmt":"2025-10-12T11:25:20","guid":{"rendered":"https:\/\/entretormentas.com\/?p=23327"},"modified":"2025-10-12T07:25:21","modified_gmt":"2025-10-12T11:25:21","slug":"garante-de-paz-trump-anuncia-viaje-a-israel-y-egipto-en-el-marco-del-acuerdo-con-hamas","status":"publish","type":"post","link":"https:\/\/entretormentas.com\/garante-de-paz-trump-anuncia-viaje-a-israel-y-egipto-en-el-marco-del-acuerdo-con-hamas\/","title":{"rendered":"\u00a1GARANTE DE PAZ! Trump anuncia viaje a Israel y Egipto en el marco del acuerdo con Ham\u00e1s"},"content":{"rendered":"\n<p><strong>ENTRE TORMENTAS. <\/strong>El presidente de Estados Unidos, Donald Trump, dijo este viernes que viajar\u00e1 a Israel y que posteriormente llegar\u00e1 a Egipto en el marco del acuerdo de liberaci\u00f3n de rehenes y retiro de tropas logrado con Ham\u00e1s a media semana.<\/p>\n\n\n\n<p>\u00abIr\u00e9 a Israel (\u2026) hablar\u00e9 con el Knesset (Parlamento israel\u00ed) y luego tambi\u00e9n ir\u00e9 a Egipto\u00bb, afirm\u00f3 el mandatario durante una rueda de prensa en la Casa Blanca.<\/p>\n\n\n\n<p>Trump no detall\u00f3 el itinerario de su viaje pero record\u00f3 que el lunes iniciar\u00e1 la liberaci\u00f3n de rehenes, uno de los puntos acordados entre Israel y Ham\u00e1s este mi\u00e9rcoles.<\/p>\n\n\n\n<p>El republicano anunci\u00f3 el acuerdo de paz entre Israel y Ham\u00e1s tras semanas de negociaciones mediadas en gran parte por su Administraci\u00f3n.<\/p>\n\n\n\n<p>El acuerdo contempla la liberaci\u00f3n de rehenes, la retirada parcial de tropas israel\u00edes de Gaza y la apertura de canales humanitarios para el suministro de alimentos y medicinas, marcando un alto el fuego temporal en la regi\u00f3n tras dos a\u00f1os de ataques de las Fuerzas Armadas de Israel.<\/p>\n\n\n\n<p>De acuerdo con el medio digital estadounidense Axios, Trump planea una especie de cumbre sobre Gaza en Egipto con la participaci\u00f3n de l\u00edderes del mundo \u00e1rabe y algunos pa\u00edses europeos al inicio de la pr\u00f3xima semana.<\/p>\n\n\n\n<p>La iniciativa busca supervisar la reconstrucci\u00f3n de Gaza, coordinar la asistencia internacional y crear mecanismos de monitoreo para garantizar que se cumplan los compromisos del alto el fuego, reforzando el rol de Estados Unidos como mediador en la regi\u00f3n.<br><strong><em>ET \/ EFE<\/em><\/strong><\/p>\n","protected":false},"excerpt":{"rendered":"<p>ENTRE TORMENTAS. El presidente de Estados Unidos, Donald Trump, dijo este viernes que viajar\u00e1 a&#8230;<\/p>\n","protected":false},"author":2,"featured_media":23328,"comment_status":"closed","ping_status":"open","sticky":false,"template":"","format":"standard","meta":{"footnotes":""},"categories":[56,48],"tags":[],"class_list":["post-23327","post","type-post","status-publish","format-standard","has-post-thumbnail","hentry","category-destacadas","category-internacionales"],"_links":{"self":[{"href":"https:\/\/entretormentas.com\/index.php?rest_route=\/wp\/v2\/posts\/23327","targetHints":{"allow":["GET"]}}],"collection":[{"href":"https:\/\/entretormentas.com\/index.php?rest_route=\/wp\/v2\/posts"}],"about":[{"href":"https:\/\/entretormentas.com\/index.php?rest_route=\/wp\/v2\/types\/post"}],"author":[{"embeddable":true,"href":"https:\/\/entretormentas.com\/index.php?rest_route=\/wp\/v2\/users\/2"}],"replies":[{"embeddable":true,"href":"https:\/\/entretormentas.com\/index.php?rest_route=%2Fwp%2Fv2%2Fcomments&post=23327"}],"version-history":[{"count":1,"href":"https:\/\/entretormentas.com\/index.php?rest_route=\/wp\/v2\/posts\/23327\/revisions"}],"predecessor-version":[{"id":23329,"href":"https:\/\/entretormentas.com\/index.php?rest_route=\/wp\/v2\/posts\/23327\/revisions\/23329"}],"wp:featuredmedia":[{"embeddable":true,"href":"https:\/\/entretormentas.com\/index.php?rest_route=\/wp\/v2\/media\/23328"}],"wp:attachment":[{"href":"https:\/\/entretormentas.com\/index.php?rest_route=%2Fwp%2Fv2%2Fmedia&parent=23327"}],"wp:term":[{"taxonomy":"category","embeddable":true,"href":"https:\/\/entretormentas.com\/index.php?rest_route=%2Fwp%2Fv2%2Fcategories&post=23327"},{"taxonomy":"post_tag","embeddable":true,"href":"https:\/\/entretormentas.com\/index.php?rest_route=%2Fwp%2Fv2%2Ftags&post=23327"}],"curies":[{"name":"wp","href":"https:\/\/api.w.org\/{rel}","templated":true}]}}