{"id":23334,"date":"2025-10-13T04:06:50","date_gmt":"2025-10-13T08:06:50","guid":{"rendered":"https:\/\/entretormentas.com\/?p=23334"},"modified":"2025-10-13T04:06:51","modified_gmt":"2025-10-13T08:06:51","slug":"en-congreso-mundial-voceros-ecosocialistas-del-zulia-presentan-propuestas-en-defensa-de-la-madre-tierra","status":"publish","type":"post","link":"https:\/\/entretormentas.com\/en-congreso-mundial-voceros-ecosocialistas-del-zulia-presentan-propuestas-en-defensa-de-la-madre-tierra\/","title":{"rendered":"\u00a1EN CONGRESO MUNDIAL! Voceros Ecosocialistas del Zulia presentan propuestas en defensa de la Madre Tierra"},"content":{"rendered":"\n<p><strong>ENTRE TORMENTAS.<\/strong> La delegaci\u00f3n de Voceros Ecosocialistas del estado Zulia, concluy\u00f3 su participaci\u00f3n en el Congreso Mundial en Defensa de la Madre Tierra, que se celebr\u00f3 en Caracas los d\u00edas mi\u00e9rcoles 9 y viernes 10.<\/p>\n\n\n\n<p>Los zulianos estuvieron en las nueve mesas de trabajo del Congreso, aportando sus experiencias, conocimientos y la visi\u00f3n ecosocialista, forjada en el occidente del pa\u00eds. Su intervenci\u00f3n se centr\u00f3 en generar propuestas concretas que aborden la crisis clim\u00e1tica desde una perspectiva local y popular, con miras a fortalecer la posici\u00f3n de Venezuela ante la comunidad internacional.<\/p>\n\n\n\n<p>El objetivo principal fue sumar planteamientos al documento final que la Rep\u00fablica Bolivariana de Venezuela llevar\u00e1 a la Conferencia de las Partes sobre el Cambio Clim\u00e1tico (COP 30), a realizarse en Bel\u00e9m do Par\u00e1, Brasil, en noviembre de 2025.<\/p>\n\n\n\n<figure class=\"wp-block-image size-full\"><img fetchpriority=\"high\" decoding=\"async\" width=\"1024\" height=\"768\" src=\"https:\/\/entretormentas.com\/wp-content\/uploads\/2025\/10\/ecozulianos2.jpg\" alt=\"\" class=\"wp-image-23335\" srcset=\"https:\/\/entretormentas.com\/wp-content\/uploads\/2025\/10\/ecozulianos2.jpg 1024w, https:\/\/entretormentas.com\/wp-content\/uploads\/2025\/10\/ecozulianos2-300x225.jpg 300w, https:\/\/entretormentas.com\/wp-content\/uploads\/2025\/10\/ecozulianos2-768x576.jpg 768w\" sizes=\"(max-width: 1024px) 100vw, 1024px\" \/><\/figure>\n\n\n\n<p>Los nueve temas de debate en los que la delegaci\u00f3n zuliana hizo sus aportes fueron: Crisis clim\u00e1tica y el modelo socioecon\u00f3mico imperante; Biodiversidad en riesgo; Los Derechos de la Madre Tierra; Conflictos socioambientales y derechos humanos; Contaminaci\u00f3n y residuos; Econom\u00eda sostenible; Educaci\u00f3n y cultura ambiental; Justicia intergeneracional y juventud; Alianzas internacionales y acciones concretas.<\/p>\n\n\n\n<p>El Ministerio del Poder Popular para el Ecosocialismo en el Zulia, felicita a los participantes por su compromiso y destaca que las valiosas contribuciones del Poder Popular organizado en la regi\u00f3n, son fundamentales para la construcci\u00f3n de una Agenda Global por la Vida y la defensa de la Pachamama.<br><strong><em>ET \/ Prensa UTEC Zulia<\/em><\/strong><\/p>\n","protected":false},"excerpt":{"rendered":"<p>ENTRE TORMENTAS. La delegaci\u00f3n de Voceros Ecosocialistas del estado Zulia, concluy\u00f3 su participaci\u00f3n en el&#8230;<\/p>\n","protected":false},"author":2,"featured_media":23336,"comment_status":"closed","ping_status":"open","sticky":false,"template":"","format":"standard","meta":{"footnotes":""},"categories":[57,1],"tags":[],"class_list":["post-23334","post","type-post","status-publish","format-standard","has-post-thumbnail","hentry","category-actualidad","category-regionales"],"_links":{"self":[{"href":"https:\/\/entretormentas.com\/index.php?rest_route=\/wp\/v2\/posts\/23334","targetHints":{"allow":["GET"]}}],"collection":[{"href":"https:\/\/entretormentas.com\/index.php?rest_route=\/wp\/v2\/posts"}],"about":[{"href":"https:\/\/entretormentas.com\/index.php?rest_route=\/wp\/v2\/types\/post"}],"author":[{"embeddable":true,"href":"https:\/\/entretormentas.com\/index.php?rest_route=\/wp\/v2\/users\/2"}],"replies":[{"embeddable":true,"href":"https:\/\/entretormentas.com\/index.php?rest_route=%2Fwp%2Fv2%2Fcomments&post=23334"}],"version-history":[{"count":1,"href":"https:\/\/entretormentas.com\/index.php?rest_route=\/wp\/v2\/posts\/23334\/revisions"}],"predecessor-version":[{"id":23337,"href":"https:\/\/entretormentas.com\/index.php?rest_route=\/wp\/v2\/posts\/23334\/revisions\/23337"}],"wp:featuredmedia":[{"embeddable":true,"href":"https:\/\/entretormentas.com\/index.php?rest_route=\/wp\/v2\/media\/23336"}],"wp:attachment":[{"href":"https:\/\/entretormentas.com\/index.php?rest_route=%2Fwp%2Fv2%2Fmedia&parent=23334"}],"wp:term":[{"taxonomy":"category","embeddable":true,"href":"https:\/\/entretormentas.com\/index.php?rest_route=%2Fwp%2Fv2%2Fcategories&post=23334"},{"taxonomy":"post_tag","embeddable":true,"href":"https:\/\/entretormentas.com\/index.php?rest_route=%2Fwp%2Fv2%2Ftags&post=23334"}],"curies":[{"name":"wp","href":"https:\/\/api.w.org\/{rel}","templated":true}]}}