{"id":23338,"date":"2025-10-13T04:10:37","date_gmt":"2025-10-13T08:10:37","guid":{"rendered":"https:\/\/entretormentas.com\/?p=23338"},"modified":"2025-10-13T04:10:38","modified_gmt":"2025-10-13T08:10:38","slug":"nuevas-opciones-ciclovia-de-maracaibo-ofrece-sesiones-de-crioterapia-y-respiracion-consciente","status":"publish","type":"post","link":"https:\/\/entretormentas.com\/nuevas-opciones-ciclovia-de-maracaibo-ofrece-sesiones-de-crioterapia-y-respiracion-consciente\/","title":{"rendered":"\u00a1NUEVAS OPCIONES! Ciclov\u00eda de Maracaibo ofrece sesiones de crioterapia y respiraci\u00f3n consciente"},"content":{"rendered":"\n<p><strong>ENTRE TORMENTAS. <\/strong>En una ma\u00f1ana dedicada al bienestar f\u00edsico y emocional, la \u00abCiclov\u00eda de Maracaibo\u00bb se convirti\u00f3 en escenario de una experiencia distinta con sesiones de crioterapia guiada (inmersi\u00f3n en hielo) y respiraci\u00f3n consciente gratis para todos los asistentes.<\/p>\n\n\n\n<p>La actividad la organiz\u00f3 el \u00abMovimiento Respira Maracaibo\u201d, en alianza con la Alcald\u00eda de Maracaibo, a trav\u00e9s del Instituto Municipal del Deporte y la Recreaci\u00f3n (IMDEPREC), como parte de la programaci\u00f3n especial por la Semana de la Salud Mental.<\/p>\n\n\n\n<figure class=\"wp-block-image size-large\"><img fetchpriority=\"high\" decoding=\"async\" width=\"1024\" height=\"684\" src=\"https:\/\/entretormentas.com\/wp-content\/uploads\/2025\/10\/criociclo2-1024x684.jpg\" alt=\"\" class=\"wp-image-23339\" srcset=\"https:\/\/entretormentas.com\/wp-content\/uploads\/2025\/10\/criociclo2-1024x684.jpg 1024w, https:\/\/entretormentas.com\/wp-content\/uploads\/2025\/10\/criociclo2-300x200.jpg 300w, https:\/\/entretormentas.com\/wp-content\/uploads\/2025\/10\/criociclo2-768x513.jpg 768w, https:\/\/entretormentas.com\/wp-content\/uploads\/2025\/10\/criociclo2.jpg 1039w\" sizes=\"(max-width: 1024px) 100vw, 1024px\" \/><\/figure>\n\n\n\n<p>Desde las 7:00 de la ma\u00f1ana, decenas de marabinos se acercaron a la entrada norte del Parque Vereda del Lago, donde pudieron vivir la experiencia de sumergirse en hielo bajo la gu\u00eda de instructores especializados, mientras aprend\u00edan t\u00e9cnicas de respiraci\u00f3n consciente orientadas al control emocional y la conexi\u00f3n cuerpo-mente.<\/p>\n\n\n\n<p><strong>BIENESTAR INTEGRAL<\/strong><br>El proyecto, incorporado a la jornada dominical de la Ciclov\u00eda, busca abrir espacios que fomenten el bienestar f\u00edsico y mental a trav\u00e9s de herramientas pr\u00e1cticas que ayuden a las personas a gestionar sus emociones, fortalecer su mente y reconectarse con su cuerpo.<\/p>\n\n\n\n<p>Seg\u00fan explic\u00f3 Juliette Andrade, promotora del \u00abMovimiento Respira Maracaibo\u00bb, el objetivo de estas sesiones va m\u00e1s all\u00e1 del impacto f\u00edsico del hielo: \u201cel fr\u00edo nos ense\u00f1a a soltar y respirar. En la inmersi\u00f3n, el cuerpo se enfrenta al dolor y la mente aprende a mantener la calma en medio del caos. Es una terapia que nos recuerda que podemos tener control incluso en circunstancias extremas\u201d, se\u00f1al\u00f3.<\/p>\n\n\n\n<figure class=\"wp-block-image size-large\"><img decoding=\"async\" width=\"1024\" height=\"683\" src=\"https:\/\/entretormentas.com\/wp-content\/uploads\/2025\/10\/criociclo3-1024x683.jpg\" alt=\"\" class=\"wp-image-23340\" srcset=\"https:\/\/entretormentas.com\/wp-content\/uploads\/2025\/10\/criociclo3-1024x683.jpg 1024w, https:\/\/entretormentas.com\/wp-content\/uploads\/2025\/10\/criociclo3-300x200.jpg 300w, https:\/\/entretormentas.com\/wp-content\/uploads\/2025\/10\/criociclo3-768x512.jpg 768w, https:\/\/entretormentas.com\/wp-content\/uploads\/2025\/10\/criociclo3.jpg 1280w\" sizes=\"(max-width: 1024px) 100vw, 1024px\" \/><\/figure>\n\n\n\n<p><strong>APOYO INSTITUCIONAL<\/strong><br>Por su parte, Marnic G\u00e1mez, presidente del IMDEPREC, destac\u00f3 la relevancia de este tipo de iniciativas impulsadas junto a emprendedores locales enfocados en la promoci\u00f3n del deporte y la salud integral.<\/p>\n\n\n\n<p>\u201cEstas alianzas nos permiten seguir fortaleciendo el bienestar de los marabinos. La Ciclov\u00eda es un espacio recuperado por la Alcald\u00eda Bolivariana de Maracaibo para el encuentro, la recreaci\u00f3n y la vida saludable, y actividades como esta reafirman ese compromiso\u201d, expres\u00f3 G\u00e1mez.<br><strong><em>ET \/ Prensa Alcald\u00eda de Maracaibo<\/em><\/strong><\/p>\n","protected":false},"excerpt":{"rendered":"<p>ENTRE TORMENTAS. En una ma\u00f1ana dedicada al bienestar f\u00edsico y emocional, la \u00abCiclov\u00eda de Maracaibo\u00bb&#8230;<\/p>\n","protected":false},"author":2,"featured_media":23341,"comment_status":"closed","ping_status":"open","sticky":false,"template":"","format":"standard","meta":{"footnotes":""},"categories":[57,1],"tags":[],"class_list":["post-23338","post","type-post","status-publish","format-standard","has-post-thumbnail","hentry","category-actualidad","category-regionales"],"_links":{"self":[{"href":"https:\/\/entretormentas.com\/index.php?rest_route=\/wp\/v2\/posts\/23338","targetHints":{"allow":["GET"]}}],"collection":[{"href":"https:\/\/entretormentas.com\/index.php?rest_route=\/wp\/v2\/posts"}],"about":[{"href":"https:\/\/entretormentas.com\/index.php?rest_route=\/wp\/v2\/types\/post"}],"author":[{"embeddable":true,"href":"https:\/\/entretormentas.com\/index.php?rest_route=\/wp\/v2\/users\/2"}],"replies":[{"embeddable":true,"href":"https:\/\/entretormentas.com\/index.php?rest_route=%2Fwp%2Fv2%2Fcomments&post=23338"}],"version-history":[{"count":1,"href":"https:\/\/entretormentas.com\/index.php?rest_route=\/wp\/v2\/posts\/23338\/revisions"}],"predecessor-version":[{"id":23342,"href":"https:\/\/entretormentas.com\/index.php?rest_route=\/wp\/v2\/posts\/23338\/revisions\/23342"}],"wp:featuredmedia":[{"embeddable":true,"href":"https:\/\/entretormentas.com\/index.php?rest_route=\/wp\/v2\/media\/23341"}],"wp:attachment":[{"href":"https:\/\/entretormentas.com\/index.php?rest_route=%2Fwp%2Fv2%2Fmedia&parent=23338"}],"wp:term":[{"taxonomy":"category","embeddable":true,"href":"https:\/\/entretormentas.com\/index.php?rest_route=%2Fwp%2Fv2%2Fcategories&post=23338"},{"taxonomy":"post_tag","embeddable":true,"href":"https:\/\/entretormentas.com\/index.php?rest_route=%2Fwp%2Fv2%2Ftags&post=23338"}],"curies":[{"name":"wp","href":"https:\/\/api.w.org\/{rel}","templated":true}]}}