{"id":23343,"date":"2025-10-13T04:14:07","date_gmt":"2025-10-13T08:14:07","guid":{"rendered":"https:\/\/entretormentas.com\/?p=23343"},"modified":"2025-10-13T04:14:09","modified_gmt":"2025-10-13T08:14:09","slug":"dip-arly-gonzalez-la-amenaza-de-trump-es-de-exterminio-a-venezuela-una-patria-invencible","status":"publish","type":"post","link":"https:\/\/entretormentas.com\/dip-arly-gonzalez-la-amenaza-de-trump-es-de-exterminio-a-venezuela-una-patria-invencible\/","title":{"rendered":"DIP. ARLY GONZ\u00c1LEZ: \u00abLa amenaza de Trump es de exterminio a Venezuela, una patria invencible\u201d"},"content":{"rendered":"\n<p><strong>ENTRE TORMENTAS. <\/strong>\u201cLa amenaza de Trump es de exterminio a Venezuela, una patria invencible. El imperio de norteam\u00e9rica va contra el mundo, contra todos los que queremos paz y tranquilidad\u201d, as\u00ed lo expres\u00f3 la diputada a la Asamblea Nacional, Arly Gonz\u00e1lez, este domingo 12 de octubre, en su discurso como oradora de orden en la sesi\u00f3n solemne conjunta de la C\u00e1mara Municipal y la Alcald\u00eda de Maracaibo, por los 533 a\u00f1os del D\u00eda de la Resistencia Ind\u00edgena.<\/p>\n\n\n\n<p>La parlamentaria enfatiz\u00f3, \u201choy en d\u00eda nuestra patria est\u00e1 acechada, no es una mentira, es una realidad, lo vivimos hace 533 a\u00f1os y hoy lo vemos con otro imperio, el norteamericano, que sigue da\u00f1ando la naturaleza y buscando guerras en el mundo\u201d.<\/p>\n\n\n\n<p><strong>PUEBLO DE VENEZUELA ALERTA<\/strong><br>La legisladora aprovech\u00f3 la oportunidad para advertir que los ojos del imperio de los Estados Unidos est\u00e1n sobre Venezuela, \u201cpor eso hoy m\u00e1s que nunca debemos alzar la voz y estar alertas, demostrar que somos un pueblo aguerrido que siempre ha defendido su territorio y sus ra\u00edces y esta vez no ser\u00e1 diferente\u201d.<\/p>\n\n\n\n<p>La diputada adem\u00e1s record\u00f3 que uno de los logros del Comandante Hugo Ch\u00e1vez se fundamenta en la visibilizaci\u00f3n de los pueblos ind\u00edgenas, \u201choy estamos en la Constituci\u00f3n Bolivariana y adem\u00e1s contamos con un Ministerio de Asuntos Ind\u00edgenas\u00bb<br>Agreg\u00f3 la parlamentaria que los logros y espacios recuperados no los dejar\u00e1n perder\u201d.<\/p>\n\n\n\n<figure class=\"wp-block-image size-large\"><img fetchpriority=\"high\" decoding=\"async\" width=\"1024\" height=\"618\" src=\"https:\/\/entretormentas.com\/wp-content\/uploads\/2025\/10\/dipuindi2-1024x618.jpg\" alt=\"\" class=\"wp-image-23344\" srcset=\"https:\/\/entretormentas.com\/wp-content\/uploads\/2025\/10\/dipuindi2-1024x618.jpg 1024w, https:\/\/entretormentas.com\/wp-content\/uploads\/2025\/10\/dipuindi2-300x181.jpg 300w, https:\/\/entretormentas.com\/wp-content\/uploads\/2025\/10\/dipuindi2-768x463.jpg 768w, https:\/\/entretormentas.com\/wp-content\/uploads\/2025\/10\/dipuindi2.jpg 1142w\" sizes=\"(max-width: 1024px) 100vw, 1024px\" \/><\/figure>\n\n\n\n<p>La sesi\u00f3n solemne de la C\u00e1mara Municipal de Maracaibo, cont\u00f3 con la presencia de todo el cuerpo edilicio liderado por Jessi Gasc\u00f3n, presidenta del ente municipal.<\/p>\n\n\n\n<p><strong>ORDENANZA A FAVOR DE LOS IND\u00cdGENAS<\/strong><br>Tambi\u00e9n estuvo presente Ender Montiel, presidente del Instituto Municipal de los Pueblos y Comunidades Ind\u00edgenas (Impcima), en representaci\u00f3n del alcalde bolivariano Giancarlo Di Martino.<br>Montiel introdujo ante el pleno edilicio un proyecto de ordenanza orientado a fortalecer los derechos de los pueblos y etnias en el municipio.<\/p>\n\n\n\n<p>\u00abHoy enviamos un contundente mensaje, los pueblos originarios somos los guardianes de la frontera, desde la Sierra de Perij\u00e1 hasta la Guajira, acompa\u00f1ando a nuestro presidente Nicol\u00e1s Maduro, a nuestro gobernador Luis Caldera y nuestro alcalde Giancarlo Di Martino en esta lucha por nuestro territorio, por la paz y la.vida\u201d, sentenci\u00f3 Montiel.<\/p>\n\n\n\n<p>La sesi\u00f3n tuvo como escenario los espacios del parcelamiento \u201cRafael Urdaneta\u201d en la ancestral parroquia San Isidro, donde se dieron cita los l\u00edderes sociales de las comunidades ind\u00edgenas.<br><strong><em>ET \/ Prensa Alcald\u00eda de Maracaibo<\/em><\/strong><\/p>\n\n\n\n<p><\/p>\n","protected":false},"excerpt":{"rendered":"<p>ENTRE TORMENTAS. \u201cLa amenaza de Trump es de exterminio a Venezuela, una patria invencible. El&#8230;<\/p>\n","protected":false},"author":2,"featured_media":23345,"comment_status":"closed","ping_status":"open","sticky":false,"template":"","format":"standard","meta":{"footnotes":""},"categories":[57,1],"tags":[],"class_list":["post-23343","post","type-post","status-publish","format-standard","has-post-thumbnail","hentry","category-actualidad","category-regionales"],"_links":{"self":[{"href":"https:\/\/entretormentas.com\/index.php?rest_route=\/wp\/v2\/posts\/23343","targetHints":{"allow":["GET"]}}],"collection":[{"href":"https:\/\/entretormentas.com\/index.php?rest_route=\/wp\/v2\/posts"}],"about":[{"href":"https:\/\/entretormentas.com\/index.php?rest_route=\/wp\/v2\/types\/post"}],"author":[{"embeddable":true,"href":"https:\/\/entretormentas.com\/index.php?rest_route=\/wp\/v2\/users\/2"}],"replies":[{"embeddable":true,"href":"https:\/\/entretormentas.com\/index.php?rest_route=%2Fwp%2Fv2%2Fcomments&post=23343"}],"version-history":[{"count":1,"href":"https:\/\/entretormentas.com\/index.php?rest_route=\/wp\/v2\/posts\/23343\/revisions"}],"predecessor-version":[{"id":23346,"href":"https:\/\/entretormentas.com\/index.php?rest_route=\/wp\/v2\/posts\/23343\/revisions\/23346"}],"wp:featuredmedia":[{"embeddable":true,"href":"https:\/\/entretormentas.com\/index.php?rest_route=\/wp\/v2\/media\/23345"}],"wp:attachment":[{"href":"https:\/\/entretormentas.com\/index.php?rest_route=%2Fwp%2Fv2%2Fmedia&parent=23343"}],"wp:term":[{"taxonomy":"category","embeddable":true,"href":"https:\/\/entretormentas.com\/index.php?rest_route=%2Fwp%2Fv2%2Fcategories&post=23343"},{"taxonomy":"post_tag","embeddable":true,"href":"https:\/\/entretormentas.com\/index.php?rest_route=%2Fwp%2Fv2%2Ftags&post=23343"}],"curies":[{"name":"wp","href":"https:\/\/api.w.org\/{rel}","templated":true}]}}