{"id":23347,"date":"2025-10-13T04:18:58","date_gmt":"2025-10-13T08:18:58","guid":{"rendered":"https:\/\/entretormentas.com\/?p=23347"},"modified":"2025-10-13T04:18:59","modified_gmt":"2025-10-13T08:18:59","slug":"resistencia-indigena-realizan-sesion-solemne-para-preservar-idiomas-usos-y-costumbres-como-legado","status":"publish","type":"post","link":"https:\/\/entretormentas.com\/resistencia-indigena-realizan-sesion-solemne-para-preservar-idiomas-usos-y-costumbres-como-legado\/","title":{"rendered":"\u00a1RESISTENCIA IND\u00cdGENA! Realizan sesi\u00f3n solemne para preservar idiomas, usos y costumbres como legado"},"content":{"rendered":"\n<p><strong>ENTRE TORMENTAS. <\/strong>El Concejo Municipal de Maracaibo conmemor\u00f3 el D\u00eda de la Resistencia Ind\u00edgena, con una sesi\u00f3n extraordinaria en el Parcelamiento Rafael Urdaneta, parroquia San Isidro.<\/p>\n\n\n\n<p>El acto reuni\u00f3 a autoridades municipales, liderazgos ind\u00edgenas del estado Zulia y representantes de m\u00e1s de 500 comunidades originarias del municipio.<\/p>\n\n\n\n<p>Los oradores subrayaron la necesidad de proteger los idiomas, usos y costumbres de las comunidades originarias, al tiempo que recordaron que el 12 de octubre no debe considerarse una fecha de celebraci\u00f3n, sino un d\u00eda de reflexi\u00f3n y duelo por el genocidio y la colonizaci\u00f3n iniciados hace m\u00e1s de 500 a\u00f1os.<\/p>\n\n\n\n<figure class=\"wp-block-image size-large\"><img fetchpriority=\"high\" decoding=\"async\" width=\"1024\" height=\"822\" src=\"https:\/\/entretormentas.com\/wp-content\/uploads\/2025\/10\/indisesi2-1024x822.jpg\" alt=\"\" class=\"wp-image-23348\" srcset=\"https:\/\/entretormentas.com\/wp-content\/uploads\/2025\/10\/indisesi2-1024x822.jpg 1024w, https:\/\/entretormentas.com\/wp-content\/uploads\/2025\/10\/indisesi2-300x241.jpg 300w, https:\/\/entretormentas.com\/wp-content\/uploads\/2025\/10\/indisesi2-768x616.jpg 768w, https:\/\/entretormentas.com\/wp-content\/uploads\/2025\/10\/indisesi2.jpg 1280w\" sizes=\"(max-width: 1024px) 100vw, 1024px\" \/><\/figure>\n\n\n\n<p>Ender Montiel, presidente del Instituto Municipal de los Pueblos y Comunidades Ind\u00edgenas (IMPCIMA), asumi\u00f3 la representaci\u00f3n del alcalde de Maracaibo, Giancarlo Di Martino.<\/p>\n\n\n\n<p>Montiel a nombre del (IMPCIMA) present\u00f3 ante la C\u00e1mara Municipal un proyecto de ordenanza para establecer el marco regulatorio del Instituto Ind\u00edgena, cuyo prop\u00f3sito es fortalecer las pol\u00edticas p\u00fablicas dirigidas a las comunidades ind\u00edgenas enmarcadas en el Plan de la Patria de las 7 Grandes Transformaciones.<\/p>\n\n\n\n<p><strong>RECONOCIMIENTOS<\/strong><br>Como parte del programa se impuso la Orden Ana Mar\u00eda Campos a la oradora de orden, la diputada a la Asamblea Nacional Arly Gonz\u00e1lez, y se entregaron reconocimientos al m\u00e9rito a l\u00edderes ind\u00edgenas destacados: Ender Montiel, Carlos Gonz\u00e1lez, Heberto Ortega, Pablo Gonz\u00e1lez, Neumarys Ch\u00e1vez y Luis Sempr\u00fan, por su compromiso con la defensa de los derechos y la identidad cultural de sus pueblos.<\/p>\n\n\n\n<p>Durante su intervenci\u00f3n, la presidenta del Concejo Municipal, Jessy Gasc\u00f3n, resalt\u00f3 que la defensa de la soberan\u00eda venezolana est\u00e1 profundamente vinculada al legado ind\u00edgena.<\/p>\n\n\n\n<figure class=\"wp-block-image size-large\"><img decoding=\"async\" width=\"1024\" height=\"683\" src=\"https:\/\/entretormentas.com\/wp-content\/uploads\/2025\/10\/indisesi3-1024x683.jpg\" alt=\"\" class=\"wp-image-23349\" srcset=\"https:\/\/entretormentas.com\/wp-content\/uploads\/2025\/10\/indisesi3-1024x683.jpg 1024w, https:\/\/entretormentas.com\/wp-content\/uploads\/2025\/10\/indisesi3-300x200.jpg 300w, https:\/\/entretormentas.com\/wp-content\/uploads\/2025\/10\/indisesi3-768x512.jpg 768w, https:\/\/entretormentas.com\/wp-content\/uploads\/2025\/10\/indisesi3.jpg 1280w\" sizes=\"(max-width: 1024px) 100vw, 1024px\" \/><\/figure>\n\n\n\n<p>\u201cEstamos repitiendo la historia. Los venezolanos y las venezolanas hemos enfrentado en distintas etapas los intentos de imperios por apoderarse de nuestra soberan\u00eda y territorio. La amenaza de Trump representa un intento de exterminio contra Venezuela, una patria invencible\u201d, afirm\u00f3.<br>Jessy Gasc\u00f3n enfatiz\u00f3 en relaci\u00f3n a los desaf\u00edos actuales de los pueblos ind\u00edgenas, como la protecci\u00f3n de su identidad cultural y la ampliaci\u00f3n de su participaci\u00f3n pol\u00edtica, social y jur\u00eddica en los espacios de gobierno.<\/p>\n\n\n\n<p><strong>RESISTENCIA IND\u00cdGENA PERMANENTE<\/strong><br>El presidente del IMPCIMA, Ender Montiel, destac\u00f3 la conmemoraci\u00f3n de los 533 a\u00f1os de resistencia ind\u00edgena, recordando que los pueblos originarios son \u201cguardianes de la frontera y defensores del territorio\u201d.<\/p>\n\n\n\n<p>Subray\u00f3 adem\u00e1s la importancia de la Constituci\u00f3n de 1999, impulsada por el presidente Nicol\u00e1s Maduro, como garant\u00eda de los derechos ind\u00edgenas y de su papel en la consolidaci\u00f3n de la paz y la soberan\u00eda nacional.<br><strong><em>ET \/ Prensa Alcald\u00eda de Maracaibo<\/em><\/strong><\/p>\n\n\n\n<p><\/p>\n","protected":false},"excerpt":{"rendered":"<p>ENTRE TORMENTAS. El Concejo Municipal de Maracaibo conmemor\u00f3 el D\u00eda de la Resistencia Ind\u00edgena, con&#8230;<\/p>\n","protected":false},"author":2,"featured_media":23350,"comment_status":"closed","ping_status":"open","sticky":false,"template":"","format":"standard","meta":{"footnotes":""},"categories":[57,1],"tags":[],"class_list":["post-23347","post","type-post","status-publish","format-standard","has-post-thumbnail","hentry","category-actualidad","category-regionales"],"_links":{"self":[{"href":"https:\/\/entretormentas.com\/index.php?rest_route=\/wp\/v2\/posts\/23347","targetHints":{"allow":["GET"]}}],"collection":[{"href":"https:\/\/entretormentas.com\/index.php?rest_route=\/wp\/v2\/posts"}],"about":[{"href":"https:\/\/entretormentas.com\/index.php?rest_route=\/wp\/v2\/types\/post"}],"author":[{"embeddable":true,"href":"https:\/\/entretormentas.com\/index.php?rest_route=\/wp\/v2\/users\/2"}],"replies":[{"embeddable":true,"href":"https:\/\/entretormentas.com\/index.php?rest_route=%2Fwp%2Fv2%2Fcomments&post=23347"}],"version-history":[{"count":1,"href":"https:\/\/entretormentas.com\/index.php?rest_route=\/wp\/v2\/posts\/23347\/revisions"}],"predecessor-version":[{"id":23351,"href":"https:\/\/entretormentas.com\/index.php?rest_route=\/wp\/v2\/posts\/23347\/revisions\/23351"}],"wp:featuredmedia":[{"embeddable":true,"href":"https:\/\/entretormentas.com\/index.php?rest_route=\/wp\/v2\/media\/23350"}],"wp:attachment":[{"href":"https:\/\/entretormentas.com\/index.php?rest_route=%2Fwp%2Fv2%2Fmedia&parent=23347"}],"wp:term":[{"taxonomy":"category","embeddable":true,"href":"https:\/\/entretormentas.com\/index.php?rest_route=%2Fwp%2Fv2%2Fcategories&post=23347"},{"taxonomy":"post_tag","embeddable":true,"href":"https:\/\/entretormentas.com\/index.php?rest_route=%2Fwp%2Fv2%2Ftags&post=23347"}],"curies":[{"name":"wp","href":"https:\/\/api.w.org\/{rel}","templated":true}]}}