{"id":23352,"date":"2025-10-13T04:23:17","date_gmt":"2025-10-13T08:23:17","guid":{"rendered":"https:\/\/entretormentas.com\/?p=23352"},"modified":"2025-10-13T04:23:18","modified_gmt":"2025-10-13T08:23:18","slug":"escudo-indigena-bolivariano-activo-pueblos-originarios-del-zulia-se-declaran-en-firme-resistencia-imperial","status":"publish","type":"post","link":"https:\/\/entretormentas.com\/escudo-indigena-bolivariano-activo-pueblos-originarios-del-zulia-se-declaran-en-firme-resistencia-imperial\/","title":{"rendered":"\u00a1ESCUDO INDIGENA BOLIVARIANO ACTIVO! Pueblos originarios del Zulia se declaran en firme resistencia imperial"},"content":{"rendered":"\n<p><strong>ENTRE TORMENTAS. <\/strong>Tras una multitudinaria marcha en el Puente sobre el R\u00edo Lim\u00f3n, entre los municipios Mara y Guajira, para conmemorar los 533 a\u00f1os de resistencia ind\u00edgena, este 12 de octubre los pueblos originarios del Zulia, encabezados por el gobernador Luis Caldera, hicieron una declaratoria de firmeza permanente frente a una nueva invasi\u00f3n imperial impulsada por el gobierno estadounidense.<\/p>\n\n\n\n<p>Junto a l\u00edderes, caciques y palabreros de los pueblos a\u00f1\u00fa, japreira, yukpa, bar\u00ed y wayuu, el gobernador Caldera manifest\u00f3 que los pueblos ind\u00edgenas se encuentran en resistencia permanente y ratific\u00f3 a los presidentes de Venezuela, Nicol\u00e1s Maduro Moros y al de Colombia, Gustavo Petro el apoyo de los originarios y la y la decisi\u00f3n de vencer en honor a Ch\u00e1vez, Bol\u00edvar, Nigale, Yaurepara. \u00abEste pueblo march\u00f3 para decirle al mundo que Venezuela se respeta y la defenderemos\u00bb, sentenci\u00f3 el mandatario zuliano.<\/p>\n\n\n\n<figure class=\"wp-block-image size-large\"><img fetchpriority=\"high\" decoding=\"async\" width=\"1024\" height=\"682\" src=\"https:\/\/entretormentas.com\/wp-content\/uploads\/2025\/10\/indilc2-1024x682.jpg\" alt=\"\" class=\"wp-image-23353\" srcset=\"https:\/\/entretormentas.com\/wp-content\/uploads\/2025\/10\/indilc2-1024x682.jpg 1024w, https:\/\/entretormentas.com\/wp-content\/uploads\/2025\/10\/indilc2-300x200.jpg 300w, https:\/\/entretormentas.com\/wp-content\/uploads\/2025\/10\/indilc2-768x512.jpg 768w, https:\/\/entretormentas.com\/wp-content\/uploads\/2025\/10\/indilc2.jpg 1280w\" sizes=\"(max-width: 1024px) 100vw, 1024px\" \/><\/figure>\n\n\n\n<p>En declaratoria de los ind\u00edgenas zuliano, el gobernador Caldera resalt\u00f3 varios puntos clave en nombre de su pueblo, destacando en primer lugar la activaci\u00f3n del Escudo Ind\u00edgena Bolivariano en la frontera del Zulia, as\u00ed como la Milicia Ind\u00edgena en los 21 municipios de la entidad, bajo uni\u00f3n popular-militar-policial y a la orden del comandante presidente Maduro Moros.<\/p>\n\n\n\n<p>Tambi\u00e9n se declararon Guardianes de la Madre Tierra, concebido no como un tema de propiedad, sino de preservaci\u00f3n de la vida en el planeta; otro punto fue el rechazo a las estructuras racistas, patriarcales y discriminatorias que a\u00fan persisten en organizaciones p\u00fablicas y privadas de la sociedad venezolana y el compromiso de continuar resistiendo desde su cultura ancestral, revitalizando sus lenguas, medicina, tradici\u00f3n, espiritualidad y sistema organizativo.<\/p>\n\n\n\n<figure class=\"wp-block-image size-large\"><img decoding=\"async\" width=\"1024\" height=\"682\" src=\"https:\/\/entretormentas.com\/wp-content\/uploads\/2025\/10\/indilc3-1024x682.jpg\" alt=\"\" class=\"wp-image-23354\" srcset=\"https:\/\/entretormentas.com\/wp-content\/uploads\/2025\/10\/indilc3-1024x682.jpg 1024w, https:\/\/entretormentas.com\/wp-content\/uploads\/2025\/10\/indilc3-300x200.jpg 300w, https:\/\/entretormentas.com\/wp-content\/uploads\/2025\/10\/indilc3-768x512.jpg 768w, https:\/\/entretormentas.com\/wp-content\/uploads\/2025\/10\/indilc3.jpg 1280w\" sizes=\"(max-width: 1024px) 100vw, 1024px\" \/><\/figure>\n\n\n\n<p>Otro punto que marc\u00f3 con \u00e9nfasis fue el repudio al \u201cpremio imperial otorgado a quien ha declarado la guerra a los indios, a quienes fomentaron la divisi\u00f3n, la guarimba y la invasi\u00f3n\u00bb.<\/p>\n\n\n\n<p>La exhortaci\u00f3n a los pueblos venezolanos, a los ind\u00edgenas, a los abuelos, abuelas y trabajadores a profundizar la formaci\u00f3n en el reconocimiento y el orgullo del origen ind\u00edgena y la ratificaci\u00f3n de que la lucha de los pueblos ind\u00edgenas ser\u00e1 por la justicia, la soberan\u00eda, la paz y por un mundo multipolar con caciques guerreros.<\/p>\n\n\n\n<p>\u00abHoy m\u00e1s que nunca, en la memoria activa de esta tierra desde la Guajira, donde nace la Patria, decimos para el mundo: \u2018Venezuela y Colombia unidos en resistencia ind\u00edgena\u2019\u201d, decret\u00f3 el gobernador.<br><strong><em>ET \/ Nota de Prensa<\/em><\/strong><\/p>\n\n\n\n<p><\/p>\n","protected":false},"excerpt":{"rendered":"<p>ENTRE TORMENTAS. Tras una multitudinaria marcha en el Puente sobre el R\u00edo Lim\u00f3n, entre los&#8230;<\/p>\n","protected":false},"author":2,"featured_media":23355,"comment_status":"closed","ping_status":"open","sticky":false,"template":"","format":"standard","meta":{"footnotes":""},"categories":[57,1],"tags":[],"class_list":["post-23352","post","type-post","status-publish","format-standard","has-post-thumbnail","hentry","category-actualidad","category-regionales"],"_links":{"self":[{"href":"https:\/\/entretormentas.com\/index.php?rest_route=\/wp\/v2\/posts\/23352","targetHints":{"allow":["GET"]}}],"collection":[{"href":"https:\/\/entretormentas.com\/index.php?rest_route=\/wp\/v2\/posts"}],"about":[{"href":"https:\/\/entretormentas.com\/index.php?rest_route=\/wp\/v2\/types\/post"}],"author":[{"embeddable":true,"href":"https:\/\/entretormentas.com\/index.php?rest_route=\/wp\/v2\/users\/2"}],"replies":[{"embeddable":true,"href":"https:\/\/entretormentas.com\/index.php?rest_route=%2Fwp%2Fv2%2Fcomments&post=23352"}],"version-history":[{"count":1,"href":"https:\/\/entretormentas.com\/index.php?rest_route=\/wp\/v2\/posts\/23352\/revisions"}],"predecessor-version":[{"id":23356,"href":"https:\/\/entretormentas.com\/index.php?rest_route=\/wp\/v2\/posts\/23352\/revisions\/23356"}],"wp:featuredmedia":[{"embeddable":true,"href":"https:\/\/entretormentas.com\/index.php?rest_route=\/wp\/v2\/media\/23355"}],"wp:attachment":[{"href":"https:\/\/entretormentas.com\/index.php?rest_route=%2Fwp%2Fv2%2Fmedia&parent=23352"}],"wp:term":[{"taxonomy":"category","embeddable":true,"href":"https:\/\/entretormentas.com\/index.php?rest_route=%2Fwp%2Fv2%2Fcategories&post=23352"},{"taxonomy":"post_tag","embeddable":true,"href":"https:\/\/entretormentas.com\/index.php?rest_route=%2Fwp%2Fv2%2Ftags&post=23352"}],"curies":[{"name":"wp","href":"https:\/\/api.w.org\/{rel}","templated":true}]}}