{"id":23364,"date":"2025-10-13T04:32:38","date_gmt":"2025-10-13T08:32:38","guid":{"rendered":"https:\/\/entretormentas.com\/?p=23364"},"modified":"2025-10-13T04:32:39","modified_gmt":"2025-10-13T08:32:39","slug":"para-impulsar-la-economia-fedecamaras-pide-a-gobiernos-regionales-unirse-con-el-sector-privado","status":"publish","type":"post","link":"https:\/\/entretormentas.com\/para-impulsar-la-economia-fedecamaras-pide-a-gobiernos-regionales-unirse-con-el-sector-privado\/","title":{"rendered":"\u00a1PARA IMPULSAR LA ECONOM\u00cdA! Fedec\u00e1maras pide a gobiernos regionales unirse con el sector privado"},"content":{"rendered":"\n<p><strong>ENTRE TORMENTAS. <\/strong>El presidente de Fedec\u00e1maras, Felipe Capozzolo, inst\u00f3 a las autoridades regionales a generar nexos estrat\u00e9gicos con el sector privado para impulsar el desarrollo econ\u00f3mico.<\/p>\n\n\n\n<p>\u00abDebemos abordar la falta de acceso al cr\u00e9dito, todo lo que tiene que ver con las obligaciones fiscales que tienen las empresas hoy en d\u00eda y muy importante, todo lo que tiene que ver con el diferencial cambiario es importante resolverlo para que las empresas puedan avanzar\u00bb, expres\u00f3 Capozzolo.<\/p>\n\n\n\n<p>Durante la renovaci\u00f3n de autoridades de la Asociaci\u00f3n de Comerciantes de Valera, Trujillo, el representante gremial expres\u00f3 que las nueva directiva tiene como meta realizar lo establecido para tratarlo con las autoridades competentes, detalla Uni\u00f3n Radio.<\/p>\n\n\n\n<p>El presidente de Fedec\u00e1maras conf\u00eda que la uni\u00f3n del servicio p\u00fablico y privado sirva para impulsar la econom\u00eda de dicha entidad.<br><strong><em>ET \/ Uni\u00f3n Radio<\/em><\/strong><\/p>\n","protected":false},"excerpt":{"rendered":"<p>ENTRE TORMENTAS. El presidente de Fedec\u00e1maras, Felipe Capozzolo, inst\u00f3 a las autoridades regionales a generar&#8230;<\/p>\n","protected":false},"author":2,"featured_media":23365,"comment_status":"closed","ping_status":"open","sticky":false,"template":"","format":"standard","meta":{"footnotes":""},"categories":[56,49],"tags":[],"class_list":["post-23364","post","type-post","status-publish","format-standard","has-post-thumbnail","hentry","category-destacadas","category-nacionales"],"_links":{"self":[{"href":"https:\/\/entretormentas.com\/index.php?rest_route=\/wp\/v2\/posts\/23364","targetHints":{"allow":["GET"]}}],"collection":[{"href":"https:\/\/entretormentas.com\/index.php?rest_route=\/wp\/v2\/posts"}],"about":[{"href":"https:\/\/entretormentas.com\/index.php?rest_route=\/wp\/v2\/types\/post"}],"author":[{"embeddable":true,"href":"https:\/\/entretormentas.com\/index.php?rest_route=\/wp\/v2\/users\/2"}],"replies":[{"embeddable":true,"href":"https:\/\/entretormentas.com\/index.php?rest_route=%2Fwp%2Fv2%2Fcomments&post=23364"}],"version-history":[{"count":1,"href":"https:\/\/entretormentas.com\/index.php?rest_route=\/wp\/v2\/posts\/23364\/revisions"}],"predecessor-version":[{"id":23366,"href":"https:\/\/entretormentas.com\/index.php?rest_route=\/wp\/v2\/posts\/23364\/revisions\/23366"}],"wp:featuredmedia":[{"embeddable":true,"href":"https:\/\/entretormentas.com\/index.php?rest_route=\/wp\/v2\/media\/23365"}],"wp:attachment":[{"href":"https:\/\/entretormentas.com\/index.php?rest_route=%2Fwp%2Fv2%2Fmedia&parent=23364"}],"wp:term":[{"taxonomy":"category","embeddable":true,"href":"https:\/\/entretormentas.com\/index.php?rest_route=%2Fwp%2Fv2%2Fcategories&post=23364"},{"taxonomy":"post_tag","embeddable":true,"href":"https:\/\/entretormentas.com\/index.php?rest_route=%2Fwp%2Fv2%2Ftags&post=23364"}],"curies":[{"name":"wp","href":"https:\/\/api.w.org\/{rel}","templated":true}]}}