{"id":23367,"date":"2025-10-13T04:35:40","date_gmt":"2025-10-13T08:35:40","guid":{"rendered":"https:\/\/entretormentas.com\/?p=23367"},"modified":"2025-10-13T04:35:41","modified_gmt":"2025-10-13T08:35:41","slug":"maduro-el-90-del-pueblo-repudia-a-la-sayona-y-una-minoria-no-podra-con-los-hijos-de-guaicaipuro","status":"publish","type":"post","link":"https:\/\/entretormentas.com\/maduro-el-90-del-pueblo-repudia-a-la-sayona-y-una-minoria-no-podra-con-los-hijos-de-guaicaipuro\/","title":{"rendered":"MADURO: \u00abEl 90% del pueblo repudia a La Sayona y una minor\u00eda no podr\u00e1 con los hijos de Guaicaipuro\u00bb"},"content":{"rendered":"\n<p><strong>ENTRE TORMENTAS. <\/strong>Tras la masiva movilizaci\u00f3n por el D\u00eda de la Resistencia Ind\u00edgena, el presidente Nicol\u00e1s Maduro dedic\u00f3 duras palabras a los promotores de la agresi\u00f3n militar extranjera. Defender la Soberan\u00eda de Venezuela se ha convertido en el eje central del discurso oficial, resonando con fuerza en la multitud reunida en Plaza Venezuela.<\/p>\n\n\n\n<p>El mandatario lanz\u00f3 severas advertencias a quienes intentan desestabilizar la naci\u00f3n desde otros pa\u00edses. Sin duda, el cierre de la marcha fue un acto de reafirmaci\u00f3n nacionalista.Productos venezolanos<\/p>\n\n\n\n<p>Maduro, en su discurso, celebr\u00f3 la identidad ind\u00edgena y abog\u00f3 por la \u00abdescolonizaci\u00f3n\u00bb cultural e hist\u00f3rica. Por consiguiente, rechaz\u00f3 en\u00e9rgicamente los intentos golpistas. El l\u00edder fue directo contra la oposici\u00f3n, destacando el sentir mayoritario del pa\u00eds que es Defender la Soberan\u00eda de Venezuela.<\/p>\n\n\n\n<figure class=\"wp-block-image size-full\"><img fetchpriority=\"high\" decoding=\"async\" width=\"828\" height=\"552\" src=\"https:\/\/entretormentas.com\/wp-content\/uploads\/2025\/10\/nicoindi2.jpg\" alt=\"\" class=\"wp-image-23368\" srcset=\"https:\/\/entretormentas.com\/wp-content\/uploads\/2025\/10\/nicoindi2.jpg 828w, https:\/\/entretormentas.com\/wp-content\/uploads\/2025\/10\/nicoindi2-300x200.jpg 300w, https:\/\/entretormentas.com\/wp-content\/uploads\/2025\/10\/nicoindi2-768x512.jpg 768w\" sizes=\"(max-width: 828px) 100vw, 828px\" \/><\/figure>\n\n\n\n<p>El presidente cit\u00f3 encuestas recientes que reflejan el panorama pol\u00edtico. Seg\u00fan sus palabras, \u00abel 90% de toda la poblaci\u00f3n repudia a la bruja demon\u00edaca de \u2018La Sayona\u2019 (Mar\u00eda Corina Machado). Este repudio no es solo pol\u00edtico. Un 90% del pueblo venezolano tambi\u00e9n rechaza cualquier amenaza de invasi\u00f3n. Las cifras hablan por s\u00ed solas: un 80-85% de la poblaci\u00f3n est\u00e1 dispuesta a combatir por su patria. Por lo tanto, la voluntad de defender la soberan\u00eda de Venezuela es un sentimiento generalizado\u00bb.<\/p>\n\n\n\n<p>Aprovechando la conmemoraci\u00f3n, el presidente anunci\u00f3 una ampliaci\u00f3n en la estructura de defensa. Solicit\u00f3 al mando militar \u201cprofundicemos y aceleremos la expansi\u00f3n de la milicia bolivariana ind\u00edgena en todos los territorios del pa\u00eds\u201d.<\/p>\n\n\n\n<p>Adem\u00e1s, propuso la creaci\u00f3n de \u00abbrigadas milicianas internacionalistas de los pueblos ind\u00edgenas de nuestra Sudam\u00e9rica\u00bb. Estas fuerzas vendr\u00edan a Defender la Soberan\u00eda de Venezuela si fuera necesario. Esta acci\u00f3n responde a cartas recibidas de varios pueblos originarios, dispuestos a \u00abguerrear\u00bb por la Rep\u00fablica.<\/p>\n\n\n\n<p>La movilizaci\u00f3n del 12 de octubre incluy\u00f3 la entrega de reconocimientos a caciques y l\u00edderes ancestrales. Maduro concluy\u00f3 con un llamado a la unidad: \u201cSomos un pueblo indestructible\u201d. La paz es la opci\u00f3n elegida. El pueblo est\u00e1 listo para defender la soberan\u00eda de Venezuela. Una minor\u00eda jam\u00e1s podr\u00e1 contra los hijos de Guaicaipuro. La consigna es defender la soberan\u00eda de Venezuela.<br><strong><em>ET \/ Agencias<\/em><\/strong><\/p>\n","protected":false},"excerpt":{"rendered":"<p>ENTRE TORMENTAS. Tras la masiva movilizaci\u00f3n por el D\u00eda de la Resistencia Ind\u00edgena, el presidente&#8230;<\/p>\n","protected":false},"author":2,"featured_media":23369,"comment_status":"closed","ping_status":"open","sticky":false,"template":"","format":"standard","meta":{"footnotes":""},"categories":[56,49],"tags":[],"class_list":["post-23367","post","type-post","status-publish","format-standard","has-post-thumbnail","hentry","category-destacadas","category-nacionales"],"_links":{"self":[{"href":"https:\/\/entretormentas.com\/index.php?rest_route=\/wp\/v2\/posts\/23367","targetHints":{"allow":["GET"]}}],"collection":[{"href":"https:\/\/entretormentas.com\/index.php?rest_route=\/wp\/v2\/posts"}],"about":[{"href":"https:\/\/entretormentas.com\/index.php?rest_route=\/wp\/v2\/types\/post"}],"author":[{"embeddable":true,"href":"https:\/\/entretormentas.com\/index.php?rest_route=\/wp\/v2\/users\/2"}],"replies":[{"embeddable":true,"href":"https:\/\/entretormentas.com\/index.php?rest_route=%2Fwp%2Fv2%2Fcomments&post=23367"}],"version-history":[{"count":1,"href":"https:\/\/entretormentas.com\/index.php?rest_route=\/wp\/v2\/posts\/23367\/revisions"}],"predecessor-version":[{"id":23370,"href":"https:\/\/entretormentas.com\/index.php?rest_route=\/wp\/v2\/posts\/23367\/revisions\/23370"}],"wp:featuredmedia":[{"embeddable":true,"href":"https:\/\/entretormentas.com\/index.php?rest_route=\/wp\/v2\/media\/23369"}],"wp:attachment":[{"href":"https:\/\/entretormentas.com\/index.php?rest_route=%2Fwp%2Fv2%2Fmedia&parent=23367"}],"wp:term":[{"taxonomy":"category","embeddable":true,"href":"https:\/\/entretormentas.com\/index.php?rest_route=%2Fwp%2Fv2%2Fcategories&post=23367"},{"taxonomy":"post_tag","embeddable":true,"href":"https:\/\/entretormentas.com\/index.php?rest_route=%2Fwp%2Fv2%2Ftags&post=23367"}],"curies":[{"name":"wp","href":"https:\/\/api.w.org\/{rel}","templated":true}]}}