{"id":23383,"date":"2025-10-14T04:26:40","date_gmt":"2025-10-14T08:26:40","guid":{"rendered":"https:\/\/entretormentas.com\/?p=23383"},"modified":"2025-10-14T04:26:41","modified_gmt":"2025-10-14T08:26:41","slug":"resaltando-las-raices-del-pueblo-unt-zulia-conmemora-el-dia-de-la-resistencia-indigena","status":"publish","type":"post","link":"https:\/\/entretormentas.com\/resaltando-las-raices-del-pueblo-unt-zulia-conmemora-el-dia-de-la-resistencia-indigena\/","title":{"rendered":"\u00a1RESALTANDO LAS RAICES DEL PUEBLO! UNT Zulia conmemora el D\u00eda de la Resistencia Ind\u00edgena"},"content":{"rendered":"\n<p><strong>ENTRE TORMENTAS.<\/strong> En el marco del D\u00eda de la Resistencia Ind\u00edgena, Un Nuevo Tiempo Zulia realiz\u00f3 una actividad cultural en el barrio Flor de Campo, parroquia Idelfonso V\u00e1squez, para rendir homenaje a las ra\u00edces ancestrales que forman parte de la identidad del pueblo venezolano.<\/p>\n\n\n\n<p>El encuentro, encabezado por la presidenta regional del partido, Nora Bracho, cont\u00f3 con la participaci\u00f3n de concejales, legisladores y diputados de la organizaci\u00f3n, junto a la dirigencia zuliana y la comunidad de Idelfonso V\u00e1squez, en una jornada de integraci\u00f3n que incluy\u00f3 bailes tradicionales wayuu, un sopazo comunitario y diversas manifestaciones culturales que exaltaron la sabidur\u00eda, la dignidad y la resistencia de los pueblos originarios.<\/p>\n\n\n\n<figure class=\"wp-block-image size-large\"><img fetchpriority=\"high\" decoding=\"async\" width=\"1024\" height=\"768\" src=\"https:\/\/entretormentas.com\/wp-content\/uploads\/2025\/10\/INDIUNT2-1024x768.jpg\" alt=\"\" class=\"wp-image-23384\" srcset=\"https:\/\/entretormentas.com\/wp-content\/uploads\/2025\/10\/INDIUNT2-1024x768.jpg 1024w, https:\/\/entretormentas.com\/wp-content\/uploads\/2025\/10\/INDIUNT2-300x225.jpg 300w, https:\/\/entretormentas.com\/wp-content\/uploads\/2025\/10\/INDIUNT2-768x576.jpg 768w, https:\/\/entretormentas.com\/wp-content\/uploads\/2025\/10\/INDIUNT2.jpg 1280w\" sizes=\"(max-width: 1024px) 100vw, 1024px\" \/><\/figure>\n\n\n\n<p>\u201cEn un tiempo se le dec\u00eda D\u00eda de la Raza; hoy celebramos el D\u00eda de la Resistencia Ind\u00edgena, el encuentro de dos mundos. Es una fecha para celebrar y recordar lo que somos como venezolanos y como seres humanos. Nos llena de orgullo la diversidad y la riqueza cultural que nos caracteriza y nos define\u201d, expres\u00f3 Bracho durante la actividad.<\/p>\n\n\n\n<p>El acontecimiento cont\u00f3 con la presencia de la vicepresidenta de UNT Zulia, Iraida Villasmil; nuestra secretaria de organizaci\u00f3n, Zulay Medina; Nikarely Mappari, secretaria de la Fuerza Femenina, Andrea Calles, presidenta de la JDS; el legislador Carlos Manuel Rosales; el concejal Luis Cabrera, entre otros destacados dirigentes de nuestra organizaci\u00f3n.<\/p>\n\n\n\n<figure class=\"wp-block-image size-full\"><img decoding=\"async\" width=\"540\" height=\"582\" src=\"https:\/\/entretormentas.com\/wp-content\/uploads\/2025\/10\/INDIUNT3.jpg\" alt=\"\" class=\"wp-image-23385\" srcset=\"https:\/\/entretormentas.com\/wp-content\/uploads\/2025\/10\/INDIUNT3.jpg 540w, https:\/\/entretormentas.com\/wp-content\/uploads\/2025\/10\/INDIUNT3-278x300.jpg 278w\" sizes=\"(max-width: 540px) 100vw, 540px\" \/><\/figure>\n\n\n\n<p>La conmemoraci\u00f3n sirvi\u00f3 como espacio para reflexionar sobre la historia nacional y reafirmar el valor de las culturas ind\u00edgenas como pilares de la identidad venezolana.<\/p>\n\n\n\n<p>\u201cLa identidad ind\u00edgena venezolana es resistencia, sabidur\u00eda y dignidad. En cada danza, en cada palabra, en cada tradici\u00f3n, est\u00e1n las ra\u00edces vivas de un pueblo que se mantiene firme ante las adversidades\u201d, destac\u00f3 Bracho.<\/p>\n\n\n\n<p>Un Nuevo Tiempo Zulia reafirm\u00f3 su compromiso con la preservaci\u00f3n de la memoria hist\u00f3rica, el respeto a la diversidad y la promoci\u00f3n de los valores culturales que fortalecen la unidad y el orgullo de ser venezolano.<br><strong><em>ET \/ Prensa UNT Zulia<\/em><\/strong><\/p>\n","protected":false},"excerpt":{"rendered":"<p>ENTRE TORMENTAS. En el marco del D\u00eda de la Resistencia Ind\u00edgena, Un Nuevo Tiempo Zulia&#8230;<\/p>\n","protected":false},"author":2,"featured_media":23386,"comment_status":"closed","ping_status":"open","sticky":false,"template":"","format":"standard","meta":{"footnotes":""},"categories":[57,1],"tags":[],"class_list":["post-23383","post","type-post","status-publish","format-standard","has-post-thumbnail","hentry","category-actualidad","category-regionales"],"_links":{"self":[{"href":"https:\/\/entretormentas.com\/index.php?rest_route=\/wp\/v2\/posts\/23383","targetHints":{"allow":["GET"]}}],"collection":[{"href":"https:\/\/entretormentas.com\/index.php?rest_route=\/wp\/v2\/posts"}],"about":[{"href":"https:\/\/entretormentas.com\/index.php?rest_route=\/wp\/v2\/types\/post"}],"author":[{"embeddable":true,"href":"https:\/\/entretormentas.com\/index.php?rest_route=\/wp\/v2\/users\/2"}],"replies":[{"embeddable":true,"href":"https:\/\/entretormentas.com\/index.php?rest_route=%2Fwp%2Fv2%2Fcomments&post=23383"}],"version-history":[{"count":1,"href":"https:\/\/entretormentas.com\/index.php?rest_route=\/wp\/v2\/posts\/23383\/revisions"}],"predecessor-version":[{"id":23387,"href":"https:\/\/entretormentas.com\/index.php?rest_route=\/wp\/v2\/posts\/23383\/revisions\/23387"}],"wp:featuredmedia":[{"embeddable":true,"href":"https:\/\/entretormentas.com\/index.php?rest_route=\/wp\/v2\/media\/23386"}],"wp:attachment":[{"href":"https:\/\/entretormentas.com\/index.php?rest_route=%2Fwp%2Fv2%2Fmedia&parent=23383"}],"wp:term":[{"taxonomy":"category","embeddable":true,"href":"https:\/\/entretormentas.com\/index.php?rest_route=%2Fwp%2Fv2%2Fcategories&post=23383"},{"taxonomy":"post_tag","embeddable":true,"href":"https:\/\/entretormentas.com\/index.php?rest_route=%2Fwp%2Fv2%2Ftags&post=23383"}],"curies":[{"name":"wp","href":"https:\/\/api.w.org\/{rel}","templated":true}]}}