{"id":23388,"date":"2025-10-14T04:29:55","date_gmt":"2025-10-14T08:29:55","guid":{"rendered":"https:\/\/entretormentas.com\/?p=23388"},"modified":"2025-10-14T04:29:55","modified_gmt":"2025-10-14T08:29:55","slug":"con-acto-en-apoyo-a-la-paz-celebran-el-52-aniversario-del-mercado-las-pulgas","status":"publish","type":"post","link":"https:\/\/entretormentas.com\/con-acto-en-apoyo-a-la-paz-celebran-el-52-aniversario-del-mercado-las-pulgas\/","title":{"rendered":"\u00a1CON ACTO EN APOYO A LA PAZ! Celebran el 52 aniversario del Mercado Las Pulgas"},"content":{"rendered":"\n<p><strong>ENTRE TORMENTAS. <\/strong>Con un emotivo acto, se conmemor\u00f3 el 52 aniversario de la inauguraci\u00f3n del ic\u00f3nico Mercado Las Pulgas, conjuntamente con el D\u00eda de la Resistencia Ind\u00edgena, dedic\u00e1ndole una acci\u00f3n a favor de la paz al lanzar 52 globos blancos.<\/p>\n\n\n\n<p>La celebraci\u00f3n cont\u00f3 con la participaci\u00f3n de comerciantes, autoridades regionales y municipales, adem\u00e1s de representantes de otros mercados del casco central, como el Callej\u00f3n de los Pobres y Las Playitas.<\/p>\n\n\n\n<p>La actividad fue realizada en el estacionamiento del emblem\u00e1tico Mercado y organizada por los propios comerciantes, con el respaldo de la Gobernaci\u00f3n del Zulia y la Alcald\u00eda de Maracaibo.<\/p>\n\n\n\n<p>Durante el acto se rindi\u00f3 homenaje a los miembros fundadores y comerciantes destacados del mercado. Tambi\u00e9n se entregaron reconocimientos p\u00f3stumos, entre ellos uno dedicado a Josneida Socorro Montiel, recordada por su esp\u00edritu aguerrido y compromiso con la comunidad.<\/p>\n\n\n\n<figure class=\"wp-block-image size-full\"><img fetchpriority=\"high\" decoding=\"async\" width=\"779\" height=\"776\" src=\"https:\/\/entretormentas.com\/wp-content\/uploads\/2025\/10\/PULGAPAZ2.jpg\" alt=\"\" class=\"wp-image-23389\" srcset=\"https:\/\/entretormentas.com\/wp-content\/uploads\/2025\/10\/PULGAPAZ2.jpg 779w, https:\/\/entretormentas.com\/wp-content\/uploads\/2025\/10\/PULGAPAZ2-300x300.jpg 300w, https:\/\/entretormentas.com\/wp-content\/uploads\/2025\/10\/PULGAPAZ2-150x150.jpg 150w, https:\/\/entretormentas.com\/wp-content\/uploads\/2025\/10\/PULGAPAZ2-768x765.jpg 768w\" sizes=\"(max-width: 779px) 100vw, 779px\" \/><\/figure>\n\n\n\n<p><strong>REIMPULSO AL CASCO CENTRAL<\/strong><br>La directora de Gesti\u00f3n Estrat\u00e9gica para Maracaibo Este, Ricci Mav\u00e1rez, destac\u00f3 el compromiso conjunto entre la Alcald\u00eda y la Gobernaci\u00f3n para mejorar las condiciones del mercado y del casco central.<\/p>\n\n\n\n<p>\u201cSeguimos trabajando unidos por el rescate del mercado y su entorno. Se atender\u00e1n los problemas de infraestructura, aguas servidas y recolecci\u00f3n de basura, pero ya hemos sostenido varios encuentros para solucionar los necesidades planteadas\u201d, afirm\u00f3 Mav\u00e1rez.<\/p>\n\n\n\n<p><strong>ANTECEDENTES HIST\u00d3RICOS<\/strong><br>El tradicional Mercado Las Pulgas, ubicado en la Calle 100 (Libertador) entre las avenidas 12 y 14A del Centro Hist\u00f3rico de Maracaibo, fue inaugurado el 12 de octubre de 1973. Su nombre oficial era Centro de Abastecimiento Popular de Maracaibo, construido por el Gobierno Nacional a trav\u00e9s del Banco Obrero.<\/p>\n\n\n\n<p>El mercado se levant\u00f3 sobre una parcela de 37 mil metros cuadrados, con 12 m\u00f3dulos que albergaban 250 casillas comerciales cada uno. Desde su apertura cont\u00f3 con servicios b\u00e1sicos como agua potable, red de cloacas, gas, electricidad, telefon\u00eda, \u00e1reas de estacionamiento y zonas verdes.<\/p>\n\n\n\n<p>Su creaci\u00f3n respondi\u00f3 a la necesidad de descongestionar el antiguo Mercado de Maracaibo, construido en 1931 y saturado de locales comerciales debido al crecimiento urbano de la ciudad.<br><strong><em>ET \/ Prensa Alcald\u00eda de Maracaibo<\/em><\/strong><\/p>\n\n\n\n<p><\/p>\n","protected":false},"excerpt":{"rendered":"<p>ENTRE TORMENTAS. Con un emotivo acto, se conmemor\u00f3 el 52 aniversario de la inauguraci\u00f3n del&#8230;<\/p>\n","protected":false},"author":2,"featured_media":23390,"comment_status":"closed","ping_status":"open","sticky":false,"template":"","format":"standard","meta":{"footnotes":""},"categories":[57,1],"tags":[],"class_list":["post-23388","post","type-post","status-publish","format-standard","has-post-thumbnail","hentry","category-actualidad","category-regionales"],"_links":{"self":[{"href":"https:\/\/entretormentas.com\/index.php?rest_route=\/wp\/v2\/posts\/23388","targetHints":{"allow":["GET"]}}],"collection":[{"href":"https:\/\/entretormentas.com\/index.php?rest_route=\/wp\/v2\/posts"}],"about":[{"href":"https:\/\/entretormentas.com\/index.php?rest_route=\/wp\/v2\/types\/post"}],"author":[{"embeddable":true,"href":"https:\/\/entretormentas.com\/index.php?rest_route=\/wp\/v2\/users\/2"}],"replies":[{"embeddable":true,"href":"https:\/\/entretormentas.com\/index.php?rest_route=%2Fwp%2Fv2%2Fcomments&post=23388"}],"version-history":[{"count":1,"href":"https:\/\/entretormentas.com\/index.php?rest_route=\/wp\/v2\/posts\/23388\/revisions"}],"predecessor-version":[{"id":23391,"href":"https:\/\/entretormentas.com\/index.php?rest_route=\/wp\/v2\/posts\/23388\/revisions\/23391"}],"wp:featuredmedia":[{"embeddable":true,"href":"https:\/\/entretormentas.com\/index.php?rest_route=\/wp\/v2\/media\/23390"}],"wp:attachment":[{"href":"https:\/\/entretormentas.com\/index.php?rest_route=%2Fwp%2Fv2%2Fmedia&parent=23388"}],"wp:term":[{"taxonomy":"category","embeddable":true,"href":"https:\/\/entretormentas.com\/index.php?rest_route=%2Fwp%2Fv2%2Fcategories&post=23388"},{"taxonomy":"post_tag","embeddable":true,"href":"https:\/\/entretormentas.com\/index.php?rest_route=%2Fwp%2Fv2%2Ftags&post=23388"}],"curies":[{"name":"wp","href":"https:\/\/api.w.org\/{rel}","templated":true}]}}