{"id":23400,"date":"2025-10-14T04:39:24","date_gmt":"2025-10-14T08:39:24","guid":{"rendered":"https:\/\/entretormentas.com\/?p=23400"},"modified":"2025-10-14T04:39:25","modified_gmt":"2025-10-14T08:39:25","slug":"mantenimiento-urbano-daru-y-el-ima-realizan-jornada-de-poda-y-saneamiento-ambiental-en-la-urb-raul-leoni","status":"publish","type":"post","link":"https:\/\/entretormentas.com\/mantenimiento-urbano-daru-y-el-ima-realizan-jornada-de-poda-y-saneamiento-ambiental-en-la-urb-raul-leoni\/","title":{"rendered":"\u00a1MANTENIMIENTO URBANO! DARU y el IMA realizan jornada de poda y saneamiento ambiental en la Urb. Ra\u00fal Leoni"},"content":{"rendered":"\n<p><strong>ENTRE TORMENTAS.<\/strong> En el marco de las acciones de mantenimiento urbano impulsadas por la gesti\u00f3n del alcalde de Maracaibo, Giancarlo Di Martino, la Direcci\u00f3n de Residencias y Urbanismos (DARU), en conjunto con el Instituto Municipal de Ambiente (IMA), ejecut\u00f3 una nueva jornada de poda y saneamiento ambiental en los bloques de la urbanizaci\u00f3n Ra\u00fal Leoni, ubicados en la parroquia Francisco Eugenio Bustamante.<\/p>\n\n\n\n<p>Esta labor forma parte del plan integral que busca mejorar la seguridad y el entorno de las comunidades residenciales, garantizando espacios m\u00e1s limpios, iluminados y seguros para los vecinos.<\/p>\n\n\n\n<p>La directora de DARU, Jocsi L\u00f3pez, explic\u00f3 que este tipo de trabajos son fundamentales para mantener el equilibrio entre la naturaleza y la convivencia urbana. \u201cLa poda no se trata solo de cortar ramas, sino de preservar la vida del \u00e1rbol y evitar que se convierta en un riesgo para la comunidad. Por eso trabajamos junto al IMA, evaluando cada caso de manera t\u00e9cnica y responsable, priorizando la seguridad y el bienestar de los residentes\u201d, detall\u00f3.<\/p>\n\n\n\n<figure class=\"wp-block-image size-large\"><img fetchpriority=\"high\" decoding=\"async\" width=\"768\" height=\"1024\" src=\"https:\/\/entretormentas.com\/wp-content\/uploads\/2025\/10\/DARUUU1-768x1024.jpg\" alt=\"\" class=\"wp-image-23401\" srcset=\"https:\/\/entretormentas.com\/wp-content\/uploads\/2025\/10\/DARUUU1-768x1024.jpg 768w, https:\/\/entretormentas.com\/wp-content\/uploads\/2025\/10\/DARUUU1-225x300.jpg 225w, https:\/\/entretormentas.com\/wp-content\/uploads\/2025\/10\/DARUUU1.jpg 960w\" sizes=\"(max-width: 768px) 100vw, 768px\" \/><\/figure>\n\n\n\n<p>Igualmente inform\u00f3 que, durante la jornada, el equipo t\u00e9cnico de ambas instituciones realiz\u00f3 la poda controlada de \u00e1rboles, as\u00ed como el saneamiento de copas para evitar afectaciones al tendido el\u00e9ctrico y mejorar la visibilidad en \u00e1reas comunes y vialidad interna.<\/p>\n\n\n\n<p>L\u00f3pez destac\u00f3 adem\u00e1s que la Direcci\u00f3n de Residencias y Urbanismos de la alcald\u00eda marabina mantiene una agenda activa de atenci\u00f3n a los distintos conjuntos residenciales de la ciudad, dando prioridad a aquellos condominios que se encuentran al d\u00eda con el SEDEMAT, atendiendo solicitudes de las comunidades y promoviendo la corresponsabilidad ciudadana.<\/p>\n\n\n\n<p>\u201cNuestro objetivo es que los marabinos vean resultados y sientan que sus peticiones son atendidas. Cada acci\u00f3n que realizamos responde al compromiso del alcalde Giancarlo Di Martino de seguir demostrando que se trabaja de la mano del poder popular m\u00e1s los tres niveles de gobierno\u201d, afirm\u00f3 L\u00f3pez.<\/p>\n\n\n\n<p>Con estas labores, la Alcald\u00eda de Maracaibo contin\u00faa reforzando el mantenimiento preventivo en los urbanismos y conjuntos residenciales del municipio, garantizando espacios verdes, saludables y comunidades m\u00e1s seguras.<br><strong><em>ET \/ Prensa Alcald\u00eda de Maracaibo<\/em><\/strong><\/p>\n\n\n\n<p><\/p>\n","protected":false},"excerpt":{"rendered":"<p>ENTRE TORMENTAS. En el marco de las acciones de mantenimiento urbano impulsadas por la gesti\u00f3n&#8230;<\/p>\n","protected":false},"author":2,"featured_media":23402,"comment_status":"closed","ping_status":"open","sticky":false,"template":"","format":"standard","meta":{"footnotes":""},"categories":[57,1],"tags":[],"class_list":["post-23400","post","type-post","status-publish","format-standard","has-post-thumbnail","hentry","category-actualidad","category-regionales"],"_links":{"self":[{"href":"https:\/\/entretormentas.com\/index.php?rest_route=\/wp\/v2\/posts\/23400","targetHints":{"allow":["GET"]}}],"collection":[{"href":"https:\/\/entretormentas.com\/index.php?rest_route=\/wp\/v2\/posts"}],"about":[{"href":"https:\/\/entretormentas.com\/index.php?rest_route=\/wp\/v2\/types\/post"}],"author":[{"embeddable":true,"href":"https:\/\/entretormentas.com\/index.php?rest_route=\/wp\/v2\/users\/2"}],"replies":[{"embeddable":true,"href":"https:\/\/entretormentas.com\/index.php?rest_route=%2Fwp%2Fv2%2Fcomments&post=23400"}],"version-history":[{"count":1,"href":"https:\/\/entretormentas.com\/index.php?rest_route=\/wp\/v2\/posts\/23400\/revisions"}],"predecessor-version":[{"id":23403,"href":"https:\/\/entretormentas.com\/index.php?rest_route=\/wp\/v2\/posts\/23400\/revisions\/23403"}],"wp:featuredmedia":[{"embeddable":true,"href":"https:\/\/entretormentas.com\/index.php?rest_route=\/wp\/v2\/media\/23402"}],"wp:attachment":[{"href":"https:\/\/entretormentas.com\/index.php?rest_route=%2Fwp%2Fv2%2Fmedia&parent=23400"}],"wp:term":[{"taxonomy":"category","embeddable":true,"href":"https:\/\/entretormentas.com\/index.php?rest_route=%2Fwp%2Fv2%2Fcategories&post=23400"},{"taxonomy":"post_tag","embeddable":true,"href":"https:\/\/entretormentas.com\/index.php?rest_route=%2Fwp%2Fv2%2Ftags&post=23400"}],"curies":[{"name":"wp","href":"https:\/\/api.w.org\/{rel}","templated":true}]}}