{"id":23417,"date":"2025-10-14T04:54:23","date_gmt":"2025-10-14T08:54:23","guid":{"rendered":"https:\/\/entretormentas.com\/?p=23417"},"modified":"2025-10-14T04:54:24","modified_gmt":"2025-10-14T08:54:24","slug":"desde-la-basilica-anuncian-actividades-de-las-fiestas-en-honor-a-nuestra-senora-de-chiquinquira","status":"publish","type":"post","link":"https:\/\/entretormentas.com\/desde-la-basilica-anuncian-actividades-de-las-fiestas-en-honor-a-nuestra-senora-de-chiquinquira\/","title":{"rendered":"\u00a1DESDE LA BAS\u00cdLICA! Anuncian actividades de las Fiestas en honor a Nuestra Se\u00f1ora de Chiquinquir\u00e1"},"content":{"rendered":"\n<p><strong>ENTRE TORMENTAS. <\/strong>En rueda de prensa realizada este lunes 13 de octubre en la Bas\u00edlica Santuario, el p\u00e1rroco \u2013 rector presb\u00edtero Nedward Andrade, acompa\u00f1ado por representantes de la Sociedad Religiosa Servidores de Mar\u00eda y la Pastoral de Multitudes, anunci\u00f3 el cronograma de actividades enmarcadas en las fiestas patronales en honor a Nuestra Se\u00f1ora del Rosario de Chiquinquir\u00e1, patrona de los zulianos para este a\u00f1o 2025.<\/p>\n\n\n\n<p>Las fiestas en honor a la Virgen Morena est\u00e1n enmarcadas en la celebraci\u00f3n por la tan esperada canonizaci\u00f3n de los primeros santos venezolanos, doctor Jos\u00e9 Gregorio Hern\u00e1ndez y la madre Carmen Rendiles Cisneros, que se llevar\u00e1 a cabo en la Bas\u00edlica de San Pedro este 19 de octubre.<\/p>\n\n\n\n<p>El padre Nedward Andrade manifest\u00f3 la importancia de la celebraci\u00f3n de las Fiestas Patronales de este a\u00f1o 2025 puesto que, aparte de resaltar la alegr\u00eda y el amor de la Virgen Mar\u00eda en la advocaci\u00f3n de Chiquinquir\u00e1, nos unimos como feligres\u00eda a la celebraci\u00f3n nacional por los nuevos santos.<\/p>\n\n\n\n<figure class=\"wp-block-image size-large\"><img fetchpriority=\"high\" decoding=\"async\" width=\"1024\" height=\"576\" src=\"https:\/\/entretormentas.com\/wp-content\/uploads\/2025\/10\/BASI2-1024x576.jpg\" alt=\"\" class=\"wp-image-23418\" srcset=\"https:\/\/entretormentas.com\/wp-content\/uploads\/2025\/10\/BASI2-1024x576.jpg 1024w, https:\/\/entretormentas.com\/wp-content\/uploads\/2025\/10\/BASI2-300x169.jpg 300w, https:\/\/entretormentas.com\/wp-content\/uploads\/2025\/10\/BASI2-768x432.jpg 768w, https:\/\/entretormentas.com\/wp-content\/uploads\/2025\/10\/BASI2.jpg 1280w\" sizes=\"(max-width: 1024px) 100vw, 1024px\" \/><\/figure>\n\n\n\n<p>Este 19 de octubre, luego del Homenaje Mensual Chiquinquire\u00f1o, en la Bas\u00edlica Santuario, se realizar\u00e1 una Vigilia para ver en vivo a trav\u00e9s de una pantalla gigante la transmisi\u00f3n de Canonizaci\u00f3n desde Roma. Durante la actividad se har\u00e1 la adoraci\u00f3n a Jes\u00fas Sacramentado, habr\u00e1 formaci\u00f3n sobre los nuevos santos venezolanos y transmitir\u00e1n capsulas sobre la vida y obra de San Jos\u00e9 Gregorio Hern\u00e1ndez y Santa Carmen Rendiles Cisneros, \u201cuni\u00e9ndonos as\u00ed, a la celebraci\u00f3n nacional\u201d.<\/p>\n\n\n\n<p>\u201cNo solo celebraremos los 316 a\u00f1os de renovaci\u00f3n milagrosa y los 83 a\u00f1os de la Coronaci\u00f3n Can\u00f3nica de Nuestra Se\u00f1ora del Rosario de Chiquinquir\u00e1, sino que tambi\u00e9n festejaremos como cristianos, la elevaci\u00f3n a los altares del doctor Jos\u00e9 Gregorio Hern\u00e1ndez, mejor conocido como el m\u00e9dico de los pobres y la madre Carmen Rediles\u201d, afirm\u00f3.<\/p>\n\n\n\n<p>La patrona de los zulianos iniciar\u00e1 sus fiestas con la tradicional bajada que se realizar\u00e1 el pr\u00f3ximo s\u00e1bado 25 de octubre en la plazoleta de Bas\u00edlica, evento en el que, como es tradici\u00f3n, miles de zulianos presenciar\u00e1n como la madre de Cristo desciende desde su nicho para reencontrarse con su grey en medio de oraciones y los temas dedicados a Mar\u00eda interpretados por la agrupaci\u00f3n gaitera Los Chiquinquire\u00f1os.<\/p>\n\n\n\n<p>Andrade anunci\u00f3 que este a\u00f1o 2025 los devotos de la Virgen Mar\u00eda en la advocaci\u00f3n de Chiquinquir\u00e1 tienen muchos motivos para celebrar, puesto que la Bas\u00edlica Santuario para estas Fiestas Patronales luce con sus frescos y artes completamente renovados y el nuevo sonido con tecnolog\u00eda de punta que comienza a usarse a partir de este momento y que abarca todos los espacios internos e incluso la plazoleta.<\/p>\n\n\n\n<p>Para la Bajada y la Solemnidad, la log\u00edstica abarcar\u00e1 el Monumento de la Virgen de Chiquinquir\u00e1, con una tarima, pantallas gigantes y sonido para que las celebraciones lit\u00fargicas puedan ser vistas por aquellas personas que, por la multitud, no tengan la posibilidad de acercarse a la Bas\u00edlica durante la misa.<\/p>\n\n\n\n<figure class=\"wp-block-image size-large\"><img decoding=\"async\" width=\"1024\" height=\"575\" src=\"https:\/\/entretormentas.com\/wp-content\/uploads\/2025\/10\/BASI3-1024x575.jpg\" alt=\"\" class=\"wp-image-23419\" srcset=\"https:\/\/entretormentas.com\/wp-content\/uploads\/2025\/10\/BASI3-1024x575.jpg 1024w, https:\/\/entretormentas.com\/wp-content\/uploads\/2025\/10\/BASI3-300x169.jpg 300w, https:\/\/entretormentas.com\/wp-content\/uploads\/2025\/10\/BASI3-768x431.jpg 768w, https:\/\/entretormentas.com\/wp-content\/uploads\/2025\/10\/BASI3.jpg 1280w\" sizes=\"(max-width: 1024px) 100vw, 1024px\" \/><\/figure>\n\n\n\n<p><strong>CRONOGRAMA:<\/strong><br>\u2022\u200bBendici\u00f3n y Develaci\u00f3n de Los Mantos<br>D\u00eda: 16\/10\/25<br>Hora: 5:00pm<br>Bas\u00edlica de Nstra. Sra. de Chiquinquir\u00e1<\/p>\n\n\n\n<p>\u2022\u200bJuramentaci\u00f3n de los nuevos Servidores de Mar\u00eda.<br>D\u00eda: 18\/10\/25<br>Hora: 5:00pm<br>Bas\u00edlica de Nstra. Sra. de Chiquinquir\u00e1<\/p>\n\n\n\n<p>Vigilia por la Canonizaci\u00f3n del Dr. Jos\u00e9 Gregorio H.<br>y Madre Carmen Rendiles<br>D\u00eda: 18\/10\/25<br>Hora: 10:00pm<br>Bas\u00edlica de Nstra. Sra. de Chiquinquir\u00e1<\/p>\n\n\n\n<p>\u2022\u200bBajada de la Virgen<br>D\u00eda: 25\/10\/25<br>Hora: 5:00pm<br>Plazoleta de la Bas\u00edlica<\/p>\n\n\n\n<p>\u2022\u200bInicio de la Procesi\u00f3n Lacustre<br>D\u00eda: 26\/10\/25<br>Hora: 11:00am<br>Malec\u00f3n de Maracaibo<\/p>\n\n\n\n<p>\u2022\u200bCanast\u00f3n Chiquinquire\u00f1o<br>D\u00eda: 06\/11\/25<br>Hora: 3:00pm<\/p>\n\n\n\n<p>\u2022\u200bTercera Caravana Chiquinquire\u00f1a \u2013 Zona<br>D\u00eda: 08\/11\/26<br>Hora: 4:00pm<\/p>\n\n\n\n<p>\u2022\u200bCelebraci\u00f3n del D\u00eda del Gaitero<br>D\u00eda: 08- 09- 10\/11\/25<br>Hora: 00:00pm<br>Plazoleta de la Bas\u00edlica<\/p>\n\n\n\n<p>\u2022\u200bHomenaje de Bandas<br>D\u00eda: 14\/11\/25<br>Hora: 00:00pm<\/p>\n\n\n\n<p>\u2022\u200bHomenaje de Gaitero de la GNB<br>D\u00eda: 15\/11\/25<br>Hora: 00:00pm<br>Plazoleta de la Bas\u00edlica<\/p>\n\n\n\n<p>\u2022\u200bMisa de la GNB<br>D\u00eda: 16\/11\/25<br>Plazoleta de la Bas\u00edlica<\/p>\n\n\n\n<p>\u2022\u200bV\u00edsperas o ma\u00f1anitas a la Virgen<br>D\u00eda: 17\/11\/25<br>Hora: 12:00am<br>Plazoleta de la Bas\u00edlica<\/p>\n\n\n\n<p>\u2022\u200bSolemnidad de Nuestra Sra. de Chiquinquir\u00e1<br>D\u00eda: 18\/11\/25<br>Hora: 5:00am<br>Plazoleta de la Bas\u00edlica<\/p>\n\n\n\n<p>\u2022\u200bMatrimonios colectivos<br>D\u00eda: 22\/11\/25<br>Hora: 05:00pm<br>Bas\u00edlica de Nstra. Sra. de Chiquinquir\u00e1<\/p>\n\n\n\n<p>\u2022\u200bHomenaje Parroquial<br>D\u00eda: 29\/11\/25<br>Hora: 05:00pm<\/p>\n\n\n\n<p>\u2022\u200bAurora Chiquinquire\u00f1a<br>D\u00eda: 07\/12\/25<br>Hora: Misa 11:00pm<br>Bas\u00edlica de Nstra. Sra. de Chiquinquir\u00e1<br>Procesi\u00f3n: 12:00am<\/p>\n\n\n\n<p>El p\u00e1rroco \u2013 rector anunci\u00f3 adem\u00e1s que hay actividades en el \u00e1rea cultural en honor a la patrona de los zulianos, como la sexta edici\u00f3n del concurso virtual \u201cUna Gaita para la Chinita\u201d, el \u201cStand Chiquinquire\u00f1o\u201d en expozulia y la exposici\u00f3n de los mantos de la Chinita.<\/p>\n\n\n\n<figure class=\"wp-block-image size-full\"><img decoding=\"async\" width=\"630\" height=\"823\" src=\"https:\/\/entretormentas.com\/wp-content\/uploads\/2025\/10\/BASI4.jpg\" alt=\"\" class=\"wp-image-23420\" srcset=\"https:\/\/entretormentas.com\/wp-content\/uploads\/2025\/10\/BASI4.jpg 630w, https:\/\/entretormentas.com\/wp-content\/uploads\/2025\/10\/BASI4-230x300.jpg 230w\" sizes=\"(max-width: 630px) 100vw, 630px\" \/><\/figure>\n\n\n\n<p><strong>LOGO ESPECIAL<\/strong><br>El logo de las fiestas patronales 2025 en honor a Nuestra Se\u00f1ora del Rosario de Chiquinquir\u00e1 fue dise\u00f1ado con elementos alusivos a la canonizaci\u00f3n de los primeros santos venezolanos Dr. Jos\u00e9 Gregorio Hern\u00e1ndez y la Madre Carmen Rendiles, que como ya se ha dicho en reiteradas oportunidades nuestra Iglesia Cat\u00f3lica, llena de j\u00fabilo a todos los devotos de nuestro pa\u00eds.<\/p>\n\n\n\n<p>En el centro del dise\u00f1o se encuentra la Virgen del Rosario de Chiquinquir\u00e1. Ella sostiene al Ni\u00f1o Jes\u00fas, representando el coraz\u00f3n de las fiestas y la devoci\u00f3n del pueblo zuliano. Su posici\u00f3n central simboliza su papel como protectora y gu\u00eda espiritual que acompa\u00f1a desde hace 316 a\u00f1os al pueblo marabino.<\/p>\n\n\n\n<p>La frase \u00abCon Chiquinquir\u00e1 adoremos a Jes\u00fas, fuente de toda santidad\u00bb refuerza este mensaje, invitando a la iglesia entera a adorar a Cristo, a trav\u00e9s de la intercesi\u00f3n de la Virgen.<\/p>\n\n\n\n<p>A los pies de la Virgen, arrodillados y en una postura orante, se encuentran el Doctor Jos\u00e9 Gregorio Hern\u00e1ndez y la Madre Carmen Rendiles. Su presencia en el logo es importante porque el evento coincide con el A\u00f1o Jubilar de la Esperanza y a su vez en su canonizaci\u00f3n como los primeros santos venezolanos, modelos de fe y santidad para la iglesia del pa\u00eds.<\/p>\n\n\n\n<p>A la derecha del logo, hay una fila de c\u00edrculos de colores brillantes: rojo, verde, amarillo y azul. Estos colores, junto con la cruz estilizada que est\u00e1 detr\u00e1s, representan el logo del A\u00f1o Jubilar de la Esperanza. Esto integra el evento local de las fiestas patronales con un mensaje universal de esperanza y renovaci\u00f3n para la iglesia en todo el mundo.<\/p>\n\n\n\n<p>Mar\u00eda sostiene en su regazo la salvaci\u00f3n del mundo, de la cual brotan rayos de luz que enmarcan parte del lema \u00abAdoremos a Jes\u00fas, fuente de toda santidad\u00bb Las miradas de los pr\u00f3ximos santos venezolanos tambi\u00e9n enriquecen este logo, convirti\u00e9ndolo en una pieza sublime y significativa a simple vista.<br><strong><em>ET \/ Prensa Bas\u00edlica de Nuestra Se\u00f1ora de Chiquinquir\u00e1<\/em><\/strong><\/p>\n\n\n\n<p><\/p>\n","protected":false},"excerpt":{"rendered":"<p>ENTRE TORMENTAS. En rueda de prensa realizada este lunes 13 de octubre en la Bas\u00edlica&#8230;<\/p>\n","protected":false},"author":2,"featured_media":23421,"comment_status":"closed","ping_status":"open","sticky":false,"template":"","format":"standard","meta":{"footnotes":""},"categories":[56,1],"tags":[],"class_list":["post-23417","post","type-post","status-publish","format-standard","has-post-thumbnail","hentry","category-destacadas","category-regionales"],"_links":{"self":[{"href":"https:\/\/entretormentas.com\/index.php?rest_route=\/wp\/v2\/posts\/23417","targetHints":{"allow":["GET"]}}],"collection":[{"href":"https:\/\/entretormentas.com\/index.php?rest_route=\/wp\/v2\/posts"}],"about":[{"href":"https:\/\/entretormentas.com\/index.php?rest_route=\/wp\/v2\/types\/post"}],"author":[{"embeddable":true,"href":"https:\/\/entretormentas.com\/index.php?rest_route=\/wp\/v2\/users\/2"}],"replies":[{"embeddable":true,"href":"https:\/\/entretormentas.com\/index.php?rest_route=%2Fwp%2Fv2%2Fcomments&post=23417"}],"version-history":[{"count":1,"href":"https:\/\/entretormentas.com\/index.php?rest_route=\/wp\/v2\/posts\/23417\/revisions"}],"predecessor-version":[{"id":23422,"href":"https:\/\/entretormentas.com\/index.php?rest_route=\/wp\/v2\/posts\/23417\/revisions\/23422"}],"wp:featuredmedia":[{"embeddable":true,"href":"https:\/\/entretormentas.com\/index.php?rest_route=\/wp\/v2\/media\/23421"}],"wp:attachment":[{"href":"https:\/\/entretormentas.com\/index.php?rest_route=%2Fwp%2Fv2%2Fmedia&parent=23417"}],"wp:term":[{"taxonomy":"category","embeddable":true,"href":"https:\/\/entretormentas.com\/index.php?rest_route=%2Fwp%2Fv2%2Fcategories&post=23417"},{"taxonomy":"post_tag","embeddable":true,"href":"https:\/\/entretormentas.com\/index.php?rest_route=%2Fwp%2Fv2%2Ftags&post=23417"}],"curies":[{"name":"wp","href":"https:\/\/api.w.org\/{rel}","templated":true}]}}