{"id":23433,"date":"2025-10-15T04:08:32","date_gmt":"2025-10-15T08:08:32","guid":{"rendered":"https:\/\/entretormentas.com\/?p=23433"},"modified":"2025-10-15T04:08:33","modified_gmt":"2025-10-15T08:08:33","slug":"junto-al-poder-popular-alcalde-de-san-francisco-inicia-consulta-del-presupuesto-participativo-2026","status":"publish","type":"post","link":"https:\/\/entretormentas.com\/junto-al-poder-popular-alcalde-de-san-francisco-inicia-consulta-del-presupuesto-participativo-2026\/","title":{"rendered":"\u00a1JUNTO AL PODER POPULAR! Alcalde de San Francisco inicia Consulta del Presupuesto Participativo 2026"},"content":{"rendered":"\n<p><strong>ENTRE TORMENTAS. <\/strong>El Alcalde de San Francisco y presidente del Concejo Local de Planificaci\u00f3n P\u00fablica (CLPP), H\u00e9ctor Soto, dio inicio a la Consulta del Presupuesto Participativo 2026 en la parroquia El Bajo, en articulaci\u00f3n con el Poder Popular. A trav\u00e9s de mesas de trabajo, los representantes de los consejos comunales y comunas presentaron propuestas orientadas al desarrollo integral del municipio.<\/p>\n\n\n\n<p>Durante el encuentro, el mandatario local destac\u00f3 que \u201clos sue\u00f1os del Comandante Eterno Hugo Ch\u00e1vez se reflejan en estas jornadas, donde el pueblo ejerce su poder real para planificar y decidir. La m\u00edstica es discutir las problem\u00e1ticas, trazar un mapa de soluciones y adaptar esas propuestas a nuestras capacidades financieras como municipio\u201d.<\/p>\n\n\n\n<p>Asimismo, el Alcalde de San Francisco subray\u00f3 la importancia de impulsar un Plan de Desarrollo Econ\u00f3mico para la parroquia El Bajo, enfocado en el fortalecimiento de la producci\u00f3n agr\u00edcola y la activaci\u00f3n del servicio de agua potable, una de las principales necesidades hist\u00f3ricas de esta comunidad.<\/p>\n\n\n\n<figure class=\"wp-block-image size-large\"><img fetchpriority=\"high\" decoding=\"async\" width=\"1024\" height=\"682\" src=\"https:\/\/entretormentas.com\/wp-content\/uploads\/2025\/10\/PARTICIPA2-1024x682.jpg\" alt=\"\" class=\"wp-image-23434\" srcset=\"https:\/\/entretormentas.com\/wp-content\/uploads\/2025\/10\/PARTICIPA2-1024x682.jpg 1024w, https:\/\/entretormentas.com\/wp-content\/uploads\/2025\/10\/PARTICIPA2-300x200.jpg 300w, https:\/\/entretormentas.com\/wp-content\/uploads\/2025\/10\/PARTICIPA2-768x512.jpg 768w, https:\/\/entretormentas.com\/wp-content\/uploads\/2025\/10\/PARTICIPA2.jpg 1280w\" sizes=\"(max-width: 1024px) 100vw, 1024px\" \/><\/figure>\n\n\n\n<p>Durante la jornada tambi\u00e9n se abordaron temas vinculados con la recuperaci\u00f3n de la vialidad, alumbrado p\u00fablico, infraestructura, gas dom\u00e9stico, transporte y mejoramiento de los centros asistenciales, como CDI, m\u00f3dulos de salud y ambulatorios, adem\u00e1s de acciones conjuntas en materia de seguridad ciudadana.<\/p>\n\n\n\n<p>Por su parte, Lismary Mor\u00e1n, vicepresidenta del CLPP, resalt\u00f3 que la parroquia El Bajo ha sido una de las m\u00e1s afectadas por la falta de servicios p\u00fablicos. \u201cDel plan de inversi\u00f3n del 2025 no fue incluida esta parroquia, y por eso los problemas se han incrementado. Hoy estamos trabajando junto al alcalde para consolidar los servicios y garantizar justicia territorial\u201d, expres\u00f3.<\/p>\n\n\n\n<p>Estas jornadas de consulta se extender\u00e1n a las siete parroquias del municipio San Francisco, con la participaci\u00f3n de comunas, circuitos comunales, misiones y grandes misiones, transportistas, productores, m\u00e9dicos, enfermeras, educadores y juventudes. El objetivo es establecer los lineamientos de inversi\u00f3n del pr\u00f3ximo a\u00f1o, fortaleciendo la alianza entre los tres niveles de gobierno (Nacional, Municipal y Popular).<br><strong><em>ET \/ Prensa Alcald\u00eda de San Francisco<\/em><\/strong><\/p>\n","protected":false},"excerpt":{"rendered":"<p>ENTRE TORMENTAS. El Alcalde de San Francisco y presidente del Concejo Local de Planificaci\u00f3n P\u00fablica&#8230;<\/p>\n","protected":false},"author":2,"featured_media":23435,"comment_status":"closed","ping_status":"open","sticky":false,"template":"","format":"standard","meta":{"footnotes":""},"categories":[57,1],"tags":[],"class_list":["post-23433","post","type-post","status-publish","format-standard","has-post-thumbnail","hentry","category-actualidad","category-regionales"],"_links":{"self":[{"href":"https:\/\/entretormentas.com\/index.php?rest_route=\/wp\/v2\/posts\/23433","targetHints":{"allow":["GET"]}}],"collection":[{"href":"https:\/\/entretormentas.com\/index.php?rest_route=\/wp\/v2\/posts"}],"about":[{"href":"https:\/\/entretormentas.com\/index.php?rest_route=\/wp\/v2\/types\/post"}],"author":[{"embeddable":true,"href":"https:\/\/entretormentas.com\/index.php?rest_route=\/wp\/v2\/users\/2"}],"replies":[{"embeddable":true,"href":"https:\/\/entretormentas.com\/index.php?rest_route=%2Fwp%2Fv2%2Fcomments&post=23433"}],"version-history":[{"count":1,"href":"https:\/\/entretormentas.com\/index.php?rest_route=\/wp\/v2\/posts\/23433\/revisions"}],"predecessor-version":[{"id":23436,"href":"https:\/\/entretormentas.com\/index.php?rest_route=\/wp\/v2\/posts\/23433\/revisions\/23436"}],"wp:featuredmedia":[{"embeddable":true,"href":"https:\/\/entretormentas.com\/index.php?rest_route=\/wp\/v2\/media\/23435"}],"wp:attachment":[{"href":"https:\/\/entretormentas.com\/index.php?rest_route=%2Fwp%2Fv2%2Fmedia&parent=23433"}],"wp:term":[{"taxonomy":"category","embeddable":true,"href":"https:\/\/entretormentas.com\/index.php?rest_route=%2Fwp%2Fv2%2Fcategories&post=23433"},{"taxonomy":"post_tag","embeddable":true,"href":"https:\/\/entretormentas.com\/index.php?rest_route=%2Fwp%2Fv2%2Ftags&post=23433"}],"curies":[{"name":"wp","href":"https:\/\/api.w.org\/{rel}","templated":true}]}}