{"id":23437,"date":"2025-10-15T04:12:28","date_gmt":"2025-10-15T08:12:28","guid":{"rendered":"https:\/\/entretormentas.com\/?p=23437"},"modified":"2025-10-15T04:12:29","modified_gmt":"2025-10-15T08:12:29","slug":"con-el-gobernador-caldera-y-la-ministra-jimenez-instalan-el-consejo-para-la-ciencia-la-tecnologia-y-la-innovacion-del-zulia","status":"publish","type":"post","link":"https:\/\/entretormentas.com\/con-el-gobernador-caldera-y-la-ministra-jimenez-instalan-el-consejo-para-la-ciencia-la-tecnologia-y-la-innovacion-del-zulia\/","title":{"rendered":"\u00a1CON EL GOBERNADOR CALDERA Y LA MINISTRA JIM\u00c9NEZ! Instalan el Consejo para la Ciencia, la Tecnolog\u00eda y la Innovaci\u00f3n del Zulia"},"content":{"rendered":"\n<p><strong>ENTRE TORMENTAS. <\/strong>Con la presencia de rectores y vicerrectores de las universidades, instituciones educativas, centros de investigaci\u00f3n, semilleros cient\u00edficos, este martes 14 de octubre el gobernador del Zulia, Luis Caldera, y la vicepresidenta Sectorial de Ciencia, Tecnolog\u00eda, Ecosocialismo y Salud, Gabriela Jim\u00e9nez, instalaron el Consejo Estadal para la Ciencia, la Tecnolog\u00eda e Innovaci\u00f3n \u201cDr. Humberto Fern\u00e1ndez Mor\u00e1n\u201d.<\/p>\n\n\n\n<p>El acto tuvo lugar el sal\u00f3n Catatumbo de la Biblioteca P\u00fablica del Zulia \u201cMar\u00eda Calca\u00f1o\u201d, donde tambi\u00e9n se realiz\u00f3 una exposici\u00f3n de proyectos que vienen desarrollando investigadores zulianos, instituciones educativas p\u00fablicas y privadas, entre otros.<\/p>\n\n\n\n<p>Tras la firma del decreto de creaci\u00f3n, el gobernador anunci\u00f3 el establecimiento de un fondo regional para el financiamiento de proyectos de ciencia, tecnolog\u00eda e innovaci\u00f3n e hizo entrega a la vicepresidenta sectorial del Plan Rector del Borde Costero del Lago de Maracaibo, contentivo de todos los planes de infraestructura, de servicios y de investigaci\u00f3n alrededor del Coquivacoa.<\/p>\n\n\n\n<figure class=\"wp-block-image size-large\"><img fetchpriority=\"high\" decoding=\"async\" width=\"1024\" height=\"683\" src=\"https:\/\/entretormentas.com\/wp-content\/uploads\/2025\/10\/MINISTRAS2-1024x683.jpg\" alt=\"\" class=\"wp-image-23438\" srcset=\"https:\/\/entretormentas.com\/wp-content\/uploads\/2025\/10\/MINISTRAS2-1024x683.jpg 1024w, https:\/\/entretormentas.com\/wp-content\/uploads\/2025\/10\/MINISTRAS2-300x200.jpg 300w, https:\/\/entretormentas.com\/wp-content\/uploads\/2025\/10\/MINISTRAS2-768x512.jpg 768w, https:\/\/entretormentas.com\/wp-content\/uploads\/2025\/10\/MINISTRAS2.jpg 1080w\" sizes=\"(max-width: 1024px) 100vw, 1024px\" \/><\/figure>\n\n\n\n<p><strong>AGENDA COM\u00daN<\/strong><br>El mandatario zuliano dio a conocer que se estableci\u00f3 una agenda com\u00fan, con la autorizaci\u00f3n y apoyo del presidente Nicol\u00e1s Maduro, entre la Gobernaci\u00f3n y el Ministerio para la Ciencia y la Tecnolog\u00eda, en la cual figura la recuperaci\u00f3n del Museo de Arte Contempor\u00e1neo del Zulia, el Centro de Arte de Maracaibo L\u00eda Berm\u00fadez, la apertura del Instituto de Rob\u00f3tica, el Museo Dr. Humberto Fern\u00e1ndez Mor\u00e1n, la recuperaci\u00f3n del Complejo Cient\u00edfico, Cultural y Tur\u00edstico Planetario Sim\u00f3n Bol\u00edvar, la ruta de los Semilleros Cient\u00edficos para la Costa Oriental del Lago y, entre otros, el reimpulso del Plan de Rescate, Conservaci\u00f3n y Desarrollo Sostenible del Lago de Maracaibo.<\/p>\n\n\n\n<p>Otros de los acuerdos es el apoyo a los investigadores cient\u00edficos jubilados, que contin\u00faan generando conocimientos y asesor\u00edas, apoyo a los 20 proyectos de investigaci\u00f3n del Zulia para este a\u00f1o, convenios con la Universidad del Zulia y con la Universidad Polit\u00e9cnica de Maracay.<\/p>\n\n\n\n<p>\u201cHoy es un d\u00eda de esperanza y de avance, pero tambi\u00e9n de reconocimiento a los investigadores zulianos, hombres y mujeres, y a esta nueva generaci\u00f3n de cient\u00edficos\u201d, resumi\u00f3 el gobernador.<\/p>\n\n\n\n<figure class=\"wp-block-image size-large\"><img decoding=\"async\" width=\"1024\" height=\"683\" src=\"https:\/\/entretormentas.com\/wp-content\/uploads\/2025\/10\/MINISTRAS3-1024x683.jpg\" alt=\"\" class=\"wp-image-23439\" srcset=\"https:\/\/entretormentas.com\/wp-content\/uploads\/2025\/10\/MINISTRAS3-1024x683.jpg 1024w, https:\/\/entretormentas.com\/wp-content\/uploads\/2025\/10\/MINISTRAS3-300x200.jpg 300w, https:\/\/entretormentas.com\/wp-content\/uploads\/2025\/10\/MINISTRAS3-768x512.jpg 768w, https:\/\/entretormentas.com\/wp-content\/uploads\/2025\/10\/MINISTRAS3.jpg 1080w\" sizes=\"(max-width: 1024px) 100vw, 1024px\" \/><\/figure>\n\n\n\n<p><strong>RECURSOS Y BECAS<\/strong><br>La vicepresidenta Jim\u00e9nez, expres\u00f3 que el Consejo Cient\u00edfico Regional del Zulia, permite generar nuevas condiciones y capacidades en materia de ciencia, tecnolog\u00eda, investigaci\u00f3n y desarrollo para la soluci\u00f3n de problemas locales.<\/p>\n\n\n\n<p>Inform\u00f3 que el Gobierno Nacional del presidente Maduro destinar\u00e1 550 mil d\u00f3lares este a\u00f1o para proyectos de investigaci\u00f3n, as\u00ed como la beca de 25 estudiantes del estado en la Universidad Nacional de Ciencia y Tecnolog\u00eda Dr. Humberto Fern\u00e1ndez Mor\u00e1n.<\/p>\n\n\n\n<p>\u201cEl trabajo nuestro es iniciar una agenda de proyectos cient\u00edficos regionales. Aplaudo que el gobernador asuma desde la propia Gobernaci\u00f3n, disponer recursos especiales para tributar a la ciencia regional, lo que permite acompa\u00f1ar financieramente los proyectos. Este acto de hoy es hist\u00f3rico, donde se homenajea al m\u00e1s grande hombre de la ciencia del siglo 20, el Dr. Humberto Fern\u00e1ndez Mor\u00e1n\u201d, apostill\u00f3.<br><strong><em>ET \/ Nota de Prensa<\/em><\/strong><\/p>\n","protected":false},"excerpt":{"rendered":"<p>ENTRE TORMENTAS. Con la presencia de rectores y vicerrectores de las universidades, instituciones educativas, centros&#8230;<\/p>\n","protected":false},"author":2,"featured_media":23440,"comment_status":"closed","ping_status":"open","sticky":false,"template":"","format":"standard","meta":{"footnotes":""},"categories":[57,1],"tags":[],"class_list":["post-23437","post","type-post","status-publish","format-standard","has-post-thumbnail","hentry","category-actualidad","category-regionales"],"_links":{"self":[{"href":"https:\/\/entretormentas.com\/index.php?rest_route=\/wp\/v2\/posts\/23437","targetHints":{"allow":["GET"]}}],"collection":[{"href":"https:\/\/entretormentas.com\/index.php?rest_route=\/wp\/v2\/posts"}],"about":[{"href":"https:\/\/entretormentas.com\/index.php?rest_route=\/wp\/v2\/types\/post"}],"author":[{"embeddable":true,"href":"https:\/\/entretormentas.com\/index.php?rest_route=\/wp\/v2\/users\/2"}],"replies":[{"embeddable":true,"href":"https:\/\/entretormentas.com\/index.php?rest_route=%2Fwp%2Fv2%2Fcomments&post=23437"}],"version-history":[{"count":1,"href":"https:\/\/entretormentas.com\/index.php?rest_route=\/wp\/v2\/posts\/23437\/revisions"}],"predecessor-version":[{"id":23441,"href":"https:\/\/entretormentas.com\/index.php?rest_route=\/wp\/v2\/posts\/23437\/revisions\/23441"}],"wp:featuredmedia":[{"embeddable":true,"href":"https:\/\/entretormentas.com\/index.php?rest_route=\/wp\/v2\/media\/23440"}],"wp:attachment":[{"href":"https:\/\/entretormentas.com\/index.php?rest_route=%2Fwp%2Fv2%2Fmedia&parent=23437"}],"wp:term":[{"taxonomy":"category","embeddable":true,"href":"https:\/\/entretormentas.com\/index.php?rest_route=%2Fwp%2Fv2%2Fcategories&post=23437"},{"taxonomy":"post_tag","embeddable":true,"href":"https:\/\/entretormentas.com\/index.php?rest_route=%2Fwp%2Fv2%2Ftags&post=23437"}],"curies":[{"name":"wp","href":"https:\/\/api.w.org\/{rel}","templated":true}]}}