{"id":23450,"date":"2025-10-15T04:23:28","date_gmt":"2025-10-15T08:23:28","guid":{"rendered":"https:\/\/entretormentas.com\/?p=23450"},"modified":"2025-10-15T04:23:29","modified_gmt":"2025-10-15T08:23:29","slug":"nuevo-rostro-alcaldia-impulsa-reorganizacion-integral-del-casco-central-de-maracaibo","status":"publish","type":"post","link":"https:\/\/entretormentas.com\/nuevo-rostro-alcaldia-impulsa-reorganizacion-integral-del-casco-central-de-maracaibo\/","title":{"rendered":"\u00a1NUEVO ROSTRO! Alcald\u00eda impulsa reorganizaci\u00f3n integral del Casco Central de Maracaibo"},"content":{"rendered":"\n<p><strong>ENTRE TORMENTAS. <\/strong>La Alcald\u00eda de Maracaibo avanza en un plan integral de intervenci\u00f3n y reorganizaci\u00f3n del Casco Central de la ciudad, con especial enfoque en el Mercado Las Pulgas, uno de los principales puntos comerciales de la capital zuliana.<\/p>\n\n\n\n<p>Ricci Mav\u00e1rez, directora de Gesti\u00f3n Estrat\u00e9gica para Maracaibo Este, explic\u00f3 que estas acciones buscan mejorar la organizaci\u00f3n del comercio informal y optimizar los servicios p\u00fablicos en la zona. \u201cEstamos participando en reuniones con los comerciantes del Casco Central, aportando ideas y construyendo soluciones conjuntas para abordar los problemas que los afectan\u201d, se\u00f1al\u00f3.<\/p>\n\n\n\n<p><strong>SANEAMIENTO AMBIENTAL ES PRIORIDAD<\/strong><br>Seg\u00fan Mav\u00e1rez, la iniciativa -impulsada por el alcalde Giancarlo Di Martino en coordinaci\u00f3n con la Gobernaci\u00f3n del Zulia- apunta a generar \u201cvictorias tempranas\u201d mediante la articulaci\u00f3n entre los cuatro niveles de gobierno y los propios trabajadores informales.<\/p>\n\n\n\n<p>Los esfuerzos se concentran en el ordenamiento de los espacios, la mejora de la electrificaci\u00f3n, la red de aguas servidas y la gesti\u00f3n de desechos s\u00f3lidos.<\/p>\n\n\n\n<p>Asimismo, la funcionaria destac\u00f3 la importancia de promover la conciencia ciudadana entre los comerciantes para mantener la limpieza y el orden en las \u00e1reas de trabajo.<\/p>\n\n\n\n<p>\u201cHemos recogido sus propuestas, centradas en el saneamiento ambiental, la recuperaci\u00f3n de la infraestructura y la reubicaci\u00f3n de los vendedores ambulantes y los muy conocidos buhoneros\u201d, a\u00f1adi\u00f3.<\/p>\n\n\n\n<figure class=\"wp-block-image size-full\"><img fetchpriority=\"high\" decoding=\"async\" width=\"811\" height=\"475\" src=\"https:\/\/entretormentas.com\/wp-content\/uploads\/2025\/10\/MERPULGA2.jpg\" alt=\"\" class=\"wp-image-23451\" srcset=\"https:\/\/entretormentas.com\/wp-content\/uploads\/2025\/10\/MERPULGA2.jpg 811w, https:\/\/entretormentas.com\/wp-content\/uploads\/2025\/10\/MERPULGA2-300x176.jpg 300w, https:\/\/entretormentas.com\/wp-content\/uploads\/2025\/10\/MERPULGA2-768x450.jpg 768w\" sizes=\"(max-width: 811px) 100vw, 811px\" \/><\/figure>\n\n\n\n<p><strong>ATENCI\u00d3N INTEGRAL A M\u00c1S DE SEIS MIL COMERCIANTES<\/strong><br>Por su parte, el soci\u00f3logo Rafael Valc\u00e1rcel, vocero y enlace del alcalde con los comerciantes del casco central, indic\u00f3 que el plan contempla la atenci\u00f3n integral de m\u00e1s de seis mil comerciantes informales.<\/p>\n\n\n\n<p>\u201cMuchos de ellos tienen una larga trayectoria en el centro de la ciudad, hay algunos que tienen hasta 45 a\u00f1os ah\u00ed ejerciendo su oficio.<br>Precis\u00f3 que trabajan en la reubicaci\u00f3n y en la recuperaci\u00f3n de espacios en la Avenida Libertador, con mejoras en demarcaci\u00f3n, alumbrado y la instalaci\u00f3n de sem\u00e1foros inteligentes\u201d, detall\u00f3.<\/p>\n\n\n\n<p><strong>CENSO E IDENTIFICACI\u00d3N DE COMERCIANTES<\/strong><br>Dentro del proceso de reorganizaci\u00f3n, la Alcald\u00eda implementar\u00e1 un censo digital con tecnolog\u00eda de c\u00f3digos QR y chalecos identificativos para cada comerciante. Esta medida busca reforzar la seguridad tanto para los vendedores como para los consumidores. \u201cLos marabinos podr\u00e1n reconocer a su comerciante. Tendr\u00e1n un chaleco con su carnet, lo que brinda mayor confianza y orden\u201d, explic\u00f3 Valc\u00e1rcel.<\/p>\n\n\n\n<p>El vocero destac\u00f3 adem\u00e1s que el proceso es \u201corganizativo, protag\u00f3nico y vinculante\u201d: \u201cLos comerciantes se re\u00fanen en asamblea, toman decisiones y presentan sus proyectos y propuestas. Tanto el gobernador Luis Caldera como el alcalde Di Martino han designado equipos que est\u00e1n presentes en estas reuniones para acompa\u00f1ar y apoyar este proceso organizativo\u201d.<br><strong><em>ET \/ Prensa Alcald\u00eda de Maracaibo<\/em><\/strong><\/p>\n\n\n\n<p><\/p>\n","protected":false},"excerpt":{"rendered":"<p>ENTRE TORMENTAS. La Alcald\u00eda de Maracaibo avanza en un plan integral de intervenci\u00f3n y reorganizaci\u00f3n&#8230;<\/p>\n","protected":false},"author":2,"featured_media":23452,"comment_status":"closed","ping_status":"open","sticky":false,"template":"","format":"standard","meta":{"footnotes":""},"categories":[57,1],"tags":[],"class_list":["post-23450","post","type-post","status-publish","format-standard","has-post-thumbnail","hentry","category-actualidad","category-regionales"],"_links":{"self":[{"href":"https:\/\/entretormentas.com\/index.php?rest_route=\/wp\/v2\/posts\/23450","targetHints":{"allow":["GET"]}}],"collection":[{"href":"https:\/\/entretormentas.com\/index.php?rest_route=\/wp\/v2\/posts"}],"about":[{"href":"https:\/\/entretormentas.com\/index.php?rest_route=\/wp\/v2\/types\/post"}],"author":[{"embeddable":true,"href":"https:\/\/entretormentas.com\/index.php?rest_route=\/wp\/v2\/users\/2"}],"replies":[{"embeddable":true,"href":"https:\/\/entretormentas.com\/index.php?rest_route=%2Fwp%2Fv2%2Fcomments&post=23450"}],"version-history":[{"count":1,"href":"https:\/\/entretormentas.com\/index.php?rest_route=\/wp\/v2\/posts\/23450\/revisions"}],"predecessor-version":[{"id":23453,"href":"https:\/\/entretormentas.com\/index.php?rest_route=\/wp\/v2\/posts\/23450\/revisions\/23453"}],"wp:featuredmedia":[{"embeddable":true,"href":"https:\/\/entretormentas.com\/index.php?rest_route=\/wp\/v2\/media\/23452"}],"wp:attachment":[{"href":"https:\/\/entretormentas.com\/index.php?rest_route=%2Fwp%2Fv2%2Fmedia&parent=23450"}],"wp:term":[{"taxonomy":"category","embeddable":true,"href":"https:\/\/entretormentas.com\/index.php?rest_route=%2Fwp%2Fv2%2Fcategories&post=23450"},{"taxonomy":"post_tag","embeddable":true,"href":"https:\/\/entretormentas.com\/index.php?rest_route=%2Fwp%2Fv2%2Ftags&post=23450"}],"curies":[{"name":"wp","href":"https:\/\/api.w.org\/{rel}","templated":true}]}}