{"id":23454,"date":"2025-10-15T04:26:49","date_gmt":"2025-10-15T08:26:49","guid":{"rendered":"https:\/\/entretormentas.com\/?p=23454"},"modified":"2025-10-15T04:26:50","modified_gmt":"2025-10-15T08:26:50","slug":"di-martino-nuestros-santos-carmen-rendiles-y-jose-gregorio-hernandez-nos-ayudaran-a-seguir-los-caminos-de-la-paz","status":"publish","type":"post","link":"https:\/\/entretormentas.com\/di-martino-nuestros-santos-carmen-rendiles-y-jose-gregorio-hernandez-nos-ayudaran-a-seguir-los-caminos-de-la-paz\/","title":{"rendered":"DI MARTINO: \u00abNuestros santos Carmen Rendiles y Jos\u00e9 Gregorio Hern\u00e1ndez nos ayudar\u00e1n a seguir los caminos de la paz\u201d"},"content":{"rendered":"\n<p><strong>ENTRE TORMENTAS. <\/strong>La construcci\u00f3n en Maracaibo de una nueva plaza en honor a Jos\u00e9 Gregorio Hern\u00e1ndez y la madre Carmen Rendiles, as\u00ed como actividades conjuntas en la Bas\u00edlica de Chiquinquir\u00e1, son parte de las iniciativas que la Alcald\u00eda de Maracaibo llevar\u00e1 a cabo en el marco de la ceremonia de canonizaci\u00f3n de los primeros santos venezolanos; prevista para el 19 de octubre en El Vaticano.<\/p>\n\n\n\n<p>\u201cVamos a develar una nueva plaza dedicada a nuestros santos Carmen Rendiles y a nuestro gran m\u00e9dico Jos\u00e9 Gregorio Hern\u00e1ndez, a quien le debemos una gran devoci\u00f3n\u201d, expres\u00f3 el alcalde de Maracaibo, Giancarlo Di Martino.<\/p>\n\n\n\n<p>Sus declaraciones las ofreci\u00f3 la noche del 13 de octubre, durante el acto de inauguraci\u00f3n de los trabajos de reacondicionamiento del terminal terrestre de Maracaibo.<\/p>\n\n\n\n<figure class=\"wp-block-image size-large\"><img fetchpriority=\"high\" decoding=\"async\" width=\"1024\" height=\"576\" src=\"https:\/\/entretormentas.com\/wp-content\/uploads\/2025\/10\/BASI2-1024x576.jpg\" alt=\"\" class=\"wp-image-23418\" srcset=\"https:\/\/entretormentas.com\/wp-content\/uploads\/2025\/10\/BASI2-1024x576.jpg 1024w, https:\/\/entretormentas.com\/wp-content\/uploads\/2025\/10\/BASI2-300x169.jpg 300w, https:\/\/entretormentas.com\/wp-content\/uploads\/2025\/10\/BASI2-768x432.jpg 768w, https:\/\/entretormentas.com\/wp-content\/uploads\/2025\/10\/BASI2.jpg 1280w\" sizes=\"(max-width: 1024px) 100vw, 1024px\" \/><\/figure>\n\n\n\n<p><strong>ESPIRITUALIDAD DE ALCANCE MUNDIAL<\/strong><br>\u201cVamos a compartir en la Bas\u00edlica una serie de actividades con el padre Nedward Andrade y a recibir una gran cantidad de personas, porque la Bas\u00edlica de La Chinita es uno de los templos marianos m\u00e1s importantes a nivel mundial\u201d, dijo el alcalde marabino.<\/p>\n\n\n\n<p>\u201cAll\u00ed se conjugan actividades religiosas que tienen que ver con esta canonizaci\u00f3n de los primeros dos santos de Venezuela; no solamente de nuestro pa\u00eds, del mundo entero, porque yo he visto manifestaciones de devoci\u00f3n a Jos\u00e9 Gregorio Hern\u00e1ndez en varias partes del mundo; en muchos pa\u00edses hay una estatua, una estampita de Jos\u00e9 Gregorio Hern\u00e1ndez\u201d, manifest\u00f3 Di Martino.<\/p>\n\n\n\n<p>En cuanto a la religiosa Carmen Rendiles, que tambi\u00e9n ascender\u00e1 a los altares el 19 de octubre, Di Martino dijo que \u201ces una monja santa que nos va a ayudar much\u00edsimo a seguir estos caminos y este proceso de paz que tanto pedimos para nuestra Patria\u201d.<\/p>\n\n\n\n<p>Enfatiz\u00f3 el alcalde: \u201cSin lugar a dudas all\u00ed juega un papel importante la espiritualidad, adquiere una gran relevancia nuestro Jos\u00e9 Gregorio Hern\u00e1ndez, que tantas satisfacciones nos han dado a cada uno de nosotros; no hay alguien en Venezuela que no haya elevado una oraci\u00f3n para Jos\u00e9 Gregorio Hern\u00e1ndez\u201d.<br><strong><em>ET \/ Prensa Alcald\u00eda de Maracaibo<\/em><\/strong><\/p>\n\n\n\n<p><\/p>\n","protected":false},"excerpt":{"rendered":"<p>ENTRE TORMENTAS. La construcci\u00f3n en Maracaibo de una nueva plaza en honor a Jos\u00e9 Gregorio&#8230;<\/p>\n","protected":false},"author":2,"featured_media":23455,"comment_status":"closed","ping_status":"open","sticky":false,"template":"","format":"standard","meta":{"footnotes":""},"categories":[57,1],"tags":[],"class_list":["post-23454","post","type-post","status-publish","format-standard","has-post-thumbnail","hentry","category-actualidad","category-regionales"],"_links":{"self":[{"href":"https:\/\/entretormentas.com\/index.php?rest_route=\/wp\/v2\/posts\/23454","targetHints":{"allow":["GET"]}}],"collection":[{"href":"https:\/\/entretormentas.com\/index.php?rest_route=\/wp\/v2\/posts"}],"about":[{"href":"https:\/\/entretormentas.com\/index.php?rest_route=\/wp\/v2\/types\/post"}],"author":[{"embeddable":true,"href":"https:\/\/entretormentas.com\/index.php?rest_route=\/wp\/v2\/users\/2"}],"replies":[{"embeddable":true,"href":"https:\/\/entretormentas.com\/index.php?rest_route=%2Fwp%2Fv2%2Fcomments&post=23454"}],"version-history":[{"count":1,"href":"https:\/\/entretormentas.com\/index.php?rest_route=\/wp\/v2\/posts\/23454\/revisions"}],"predecessor-version":[{"id":23456,"href":"https:\/\/entretormentas.com\/index.php?rest_route=\/wp\/v2\/posts\/23454\/revisions\/23456"}],"wp:featuredmedia":[{"embeddable":true,"href":"https:\/\/entretormentas.com\/index.php?rest_route=\/wp\/v2\/media\/23455"}],"wp:attachment":[{"href":"https:\/\/entretormentas.com\/index.php?rest_route=%2Fwp%2Fv2%2Fmedia&parent=23454"}],"wp:term":[{"taxonomy":"category","embeddable":true,"href":"https:\/\/entretormentas.com\/index.php?rest_route=%2Fwp%2Fv2%2Fcategories&post=23454"},{"taxonomy":"post_tag","embeddable":true,"href":"https:\/\/entretormentas.com\/index.php?rest_route=%2Fwp%2Fv2%2Ftags&post=23454"}],"curies":[{"name":"wp","href":"https:\/\/api.w.org\/{rel}","templated":true}]}}