{"id":23457,"date":"2025-10-15T04:31:10","date_gmt":"2025-10-15T08:31:10","guid":{"rendered":"https:\/\/entretormentas.com\/?p=23457"},"modified":"2025-10-15T04:31:10","modified_gmt":"2025-10-15T08:31:10","slug":"para-ninos-de-6-a-8-anos-alcaldia-de-maracaibo-lanza-el-programa-oftalmologico-santa-lucia","status":"publish","type":"post","link":"https:\/\/entretormentas.com\/para-ninos-de-6-a-8-anos-alcaldia-de-maracaibo-lanza-el-programa-oftalmologico-santa-lucia\/","title":{"rendered":"\u00a1PARA NI\u00d1OS DE 6 A 8 A\u00d1OS! Alcald\u00eda de Maracaibo lanza el programa oftalmol\u00f3gico \u201cSanta Luc\u00eda\u201d"},"content":{"rendered":"\n<p><strong>ENTRE TORMENTAS. <\/strong>La alcald\u00eda de Maracaibo, a trav\u00e9s de la Direcci\u00f3n de Desarrollo Social, lanza el programa Santa Luc\u00eda \u201cViendo con esperanza a Maracaibo\u201d, plan piloto dirigido a los ni\u00f1os y ni\u00f1as escolares en edades comprendidas de 6 a 8 a\u00f1os, en una alianza con la empresa privada Opticolor, como parte de la responsabilidad social.<\/p>\n\n\n\n<p>El programa lo encabeza la primera dama de Maracaibo y directora de Desarrollo Social, Ana Clara Barboza de Di Martino, quien agrup\u00f3 un equipo gubernamental conformado por la Centro de Desarrollo de Calidad Educativa del Estado Zulia (Zona Educativa), Fundaci\u00f3n Red de Bibliotecas (Fundabiblioteca), el Centro Oftalmol\u00f3gico del Hospital Universitario, Direcci\u00f3n de Educaci\u00f3n y Asuntos Universitarios, Cruz Roja, FUNDANIS, Centro de Atenci\u00f3n Integral para Personas con Autismo (CAIPA), Direcci\u00f3n Municipal de Salud, conformando as\u00ed una red de apoyo interinstitucional en alianza con la empresa Opticolor.<\/p>\n\n\n\n<figure class=\"wp-block-image size-large\"><img fetchpriority=\"high\" decoding=\"async\" width=\"1024\" height=\"768\" src=\"https:\/\/entretormentas.com\/wp-content\/uploads\/2025\/10\/LUCIA2-1024x768.jpg\" alt=\"\" class=\"wp-image-23458\" srcset=\"https:\/\/entretormentas.com\/wp-content\/uploads\/2025\/10\/LUCIA2-1024x768.jpg 1024w, https:\/\/entretormentas.com\/wp-content\/uploads\/2025\/10\/LUCIA2-300x225.jpg 300w, https:\/\/entretormentas.com\/wp-content\/uploads\/2025\/10\/LUCIA2-768x576.jpg 768w, https:\/\/entretormentas.com\/wp-content\/uploads\/2025\/10\/LUCIA2.jpg 1080w\" sizes=\"(max-width: 1024px) 100vw, 1024px\" \/><\/figure>\n\n\n\n<p>El programa consiste en brindar atenci\u00f3n a los ni\u00f1os y ni\u00f1as de 6 a 8 a\u00f1os, con problemas de salud visual realiz\u00e1ndoles el diagn\u00f3stico y entreg\u00e1ndoles lentes de manera gratuita, un plan que abarca las 18 parroquias de Maracaibo, iniciando el piloto con dos grandes unidades educativas por parroquia.<\/p>\n\n\n\n<p>La primera dama del municipio, Ana Clara de Di Martino, explic\u00f3 que este trabajo en conjunto con la empresa Opticolor estima poder entregar entre 150 y 200 pares de lentes mensuales, una vez culminada la primera etapa de captaci\u00f3n y evaluaci\u00f3n de los casos.<\/p>\n\n\n\n<p>\u201cNo se va a quedar en una detecci\u00f3n temprana; la idea es cerrar el c\u00edrculo de atenci\u00f3n otorg\u00e1ndole los lentes. Trabajamos para nuestro futuro, trabajamos para nuestros peque\u00f1os ciudadanos, que son la parte m\u00e1s hermosa que tenemos, no solo en casa, sino tambi\u00e9n en nuestras sociedades. La idea es que sea una mirada puesta con esperanza para Maracaibo. Queremos ayudarlos con los problemas visuales que puedan presentar en esta etapa tan temprana de su vida\u201d, agreg\u00f3 la primera dama.<\/p>\n\n\n\n<p>Indic\u00f3 que la fase inicial arranc\u00f3 este martes 14 de octubre con una capacitaci\u00f3n hacia los docentes que conforman las 36 escuelas de 18 parroquias de Maracaibo, dictada por un equipo de la empresa Opticolor titulada \u201cGu\u00eda para Docentes: Detecci\u00f3n Temprana de Ametrop\u00edas en Educaci\u00f3n Inicial\u201d.<\/p>\n\n\n\n<p>La primera dama explic\u00f3 que el prop\u00f3sito del taller es capacitar a los docentes para que act\u00faen como primer filtro en la detecci\u00f3n de posibles dificultades visuales en sus alumnos. Una vez identificados los casos, un equipo de las Cl\u00ednicas M\u00f3viles de la alcald\u00eda de Maracaibo, realizar\u00e1 las evaluaciones oftalmol\u00f3gicas, y los ni\u00f1os recibir\u00e1n sus lentes gracias al aporte del porcentaje de responsabilidad social de Opticolor.<\/p>\n\n\n\n<p>\u201cA ra\u00edz de los s\u00edntomas, ustedes nos dar\u00e1n una cantidad de ni\u00f1os posibles para que nuestros oftalm\u00f3logos puedan evaluarlos y remitir los casos al laboratorio para la fabricaci\u00f3n de sus lentes. Queremos contribuir con este grano de arena para que nuestros ni\u00f1os inicien su etapa de lectura como debe ser\u201d, destac\u00f3 la Directora de Desarrollo Social.<\/p>\n\n\n\n<figure class=\"wp-block-image size-large\"><img decoding=\"async\" width=\"1024\" height=\"683\" src=\"https:\/\/entretormentas.com\/wp-content\/uploads\/2025\/10\/LUCIA3-1024x683.jpg\" alt=\"\" class=\"wp-image-23459\" srcset=\"https:\/\/entretormentas.com\/wp-content\/uploads\/2025\/10\/LUCIA3-1024x683.jpg 1024w, https:\/\/entretormentas.com\/wp-content\/uploads\/2025\/10\/LUCIA3-300x200.jpg 300w, https:\/\/entretormentas.com\/wp-content\/uploads\/2025\/10\/LUCIA3-768x512.jpg 768w, https:\/\/entretormentas.com\/wp-content\/uploads\/2025\/10\/LUCIA3.jpg 1280w\" sizes=\"(max-width: 1024px) 100vw, 1024px\" \/><\/figure>\n\n\n\n<p><strong>DOCENTES: LOS OJOS QUE DETECTAN A TIEMPO<\/strong><br>Durante la jornada, la Dra. Silvia Bosc\u00e1n, oftalm\u00f3loga pediatra de la red de Cl\u00ednicas M\u00f3viles y ambulatorios municipales, resalt\u00f3 el papel fundamental de los docentes en la detecci\u00f3n temprana de problemas visuales.<\/p>\n\n\n\n<p>\u201cUstedes, maestros y maestras, que pasan buena parte del d\u00eda con esos peque\u00f1os y los acompa\u00f1an en su aprendizaje, son nuestros ojos. Pueden darnos la informaci\u00f3n a tiempo para ayudar a los m\u00e1s vulnerables\u201d, afirm\u00f3.<\/p>\n\n\n\n<p>Luc\u00eda Gallardo, docente de la Escuela Bolivariana Cosme Gonz\u00e1lez, dijo que le pareci\u00f3 \u201cexcelente pues mientras m\u00e1s capacitaci\u00f3n adquirida tengan los docentes de Venezuela para visualizar las dificultades de los peque\u00f1os me parece maravilloso porque a muchos ni\u00f1os que no leen bien sus padres no tienen las maneras de llevarlos a hacer un examen y mucho menos lentes, por eso esa esta iniciativa del alcalde Giancarlo Di Martino es excelente, lo felicito por preocuparse as\u00ed por nuestros ni\u00f1os y ni\u00f1as\u201d.<br><strong><em>ET \/ Prensa Alcald\u00eda de Maracaibo<\/em><\/strong><\/p>\n","protected":false},"excerpt":{"rendered":"<p>ENTRE TORMENTAS. La alcald\u00eda de Maracaibo, a trav\u00e9s de la Direcci\u00f3n de Desarrollo Social, lanza&#8230;<\/p>\n","protected":false},"author":2,"featured_media":23460,"comment_status":"closed","ping_status":"open","sticky":false,"template":"","format":"standard","meta":{"footnotes":""},"categories":[57,1],"tags":[],"class_list":["post-23457","post","type-post","status-publish","format-standard","has-post-thumbnail","hentry","category-actualidad","category-regionales"],"_links":{"self":[{"href":"https:\/\/entretormentas.com\/index.php?rest_route=\/wp\/v2\/posts\/23457","targetHints":{"allow":["GET"]}}],"collection":[{"href":"https:\/\/entretormentas.com\/index.php?rest_route=\/wp\/v2\/posts"}],"about":[{"href":"https:\/\/entretormentas.com\/index.php?rest_route=\/wp\/v2\/types\/post"}],"author":[{"embeddable":true,"href":"https:\/\/entretormentas.com\/index.php?rest_route=\/wp\/v2\/users\/2"}],"replies":[{"embeddable":true,"href":"https:\/\/entretormentas.com\/index.php?rest_route=%2Fwp%2Fv2%2Fcomments&post=23457"}],"version-history":[{"count":1,"href":"https:\/\/entretormentas.com\/index.php?rest_route=\/wp\/v2\/posts\/23457\/revisions"}],"predecessor-version":[{"id":23461,"href":"https:\/\/entretormentas.com\/index.php?rest_route=\/wp\/v2\/posts\/23457\/revisions\/23461"}],"wp:featuredmedia":[{"embeddable":true,"href":"https:\/\/entretormentas.com\/index.php?rest_route=\/wp\/v2\/media\/23460"}],"wp:attachment":[{"href":"https:\/\/entretormentas.com\/index.php?rest_route=%2Fwp%2Fv2%2Fmedia&parent=23457"}],"wp:term":[{"taxonomy":"category","embeddable":true,"href":"https:\/\/entretormentas.com\/index.php?rest_route=%2Fwp%2Fv2%2Fcategories&post=23457"},{"taxonomy":"post_tag","embeddable":true,"href":"https:\/\/entretormentas.com\/index.php?rest_route=%2Fwp%2Fv2%2Ftags&post=23457"}],"curies":[{"name":"wp","href":"https:\/\/api.w.org\/{rel}","templated":true}]}}