{"id":23462,"date":"2025-10-15T04:34:30","date_gmt":"2025-10-15T08:34:30","guid":{"rendered":"https:\/\/entretormentas.com\/?p=23462"},"modified":"2025-10-15T04:34:31","modified_gmt":"2025-10-15T08:34:31","slug":"en-maracaibo-gobernacion-continua-operativos-de-limpieza-y-embellecimiento-en-avenidas-y-espacios-publicos","status":"publish","type":"post","link":"https:\/\/entretormentas.com\/en-maracaibo-gobernacion-continua-operativos-de-limpieza-y-embellecimiento-en-avenidas-y-espacios-publicos\/","title":{"rendered":"\u00a1EN MARACAIBO! Gobernaci\u00f3n contin\u00faa operativos de limpieza y embellecimiento en avenidas y espacios p\u00fablicos"},"content":{"rendered":"\n<p><strong>ENTRE TORMENTAS. <\/strong>La Gobernaci\u00f3n del Zulia contin\u00faa desplegando con \u00e9xito su plan de limpieza y mantenimiento de espacios p\u00fablicos y avenidas principales en la ciudad de Maracaibo, siguiendo los lineamientos del presidente Nicol\u00e1s Maduro y el gobernador Luis Caldera para garantizar el bienestar de las zulianas y los zulianos.<\/p>\n\n\n\n<p>La Secretar\u00eda de Ambiente ha intensificado las labores de saneamiento, barrido manual, desmalezamiento, recolecci\u00f3n de desechos y embellecimiento en diferentes espacios de la ciudad, demostrando que el trabajo no se detiene.<\/p>\n\n\n\n<p>Actualmente, los trabajos se centran en el operativo de mantenimiento vial en la Circunvalaci\u00f3n 2, abarcando el tramo desde el Monumento del Carro Chocado hasta el distribuidor Caujarito, una arteria vial crucial para el desplazamiento de los ciudadanos.<\/p>\n\n\n\n<figure class=\"wp-block-image size-large\"><img fetchpriority=\"high\" decoding=\"async\" width=\"1024\" height=\"768\" src=\"https:\/\/entretormentas.com\/wp-content\/uploads\/2025\/10\/BELLEZA3-1024x768.jpg\" alt=\"\" class=\"wp-image-23463\" srcset=\"https:\/\/entretormentas.com\/wp-content\/uploads\/2025\/10\/BELLEZA3-1024x768.jpg 1024w, https:\/\/entretormentas.com\/wp-content\/uploads\/2025\/10\/BELLEZA3-300x225.jpg 300w, https:\/\/entretormentas.com\/wp-content\/uploads\/2025\/10\/BELLEZA3-768x576.jpg 768w, https:\/\/entretormentas.com\/wp-content\/uploads\/2025\/10\/BELLEZA3.jpg 1248w\" sizes=\"(max-width: 1024px) 100vw, 1024px\" \/><\/figure>\n\n\n\n<p>En esta \u00e1rea se realizan trabajos para garantizar la limpieza de aceras, brocales, isla central y \u00e1reas verdes.<\/p>\n\n\n\n<p>De igual manera, las cuadrillas de brigadistas se mantienen activos en el mantenimiento y cuidado de emblem\u00e1ticos lugares de encuentro social y cultural de la capital zuliana, en la Vereda del Lago 2 contin\u00faan las jornadas para optimizar este espacio recreativo, asegurando que se mantenga como un pulm\u00f3n vegetal; y el Parque Rafael Urdaneta, uno de los espacios m\u00e1s visitados de la ciudad, est\u00e1 siendo intervenido con labores de jardiner\u00eda y limpieza de todas sus \u00e1reas.<\/p>\n\n\n\n<p>El Museo Rafael Urdaneta, las adyacencias y \u00e1reas verdes de este importante centro hist\u00f3rico reciben el cuidado necesario para preservar su valor cultural y en el Bulevar de Santa Luc\u00eda avanza el plan de embellecimiento que busca realzar su colorido y tradici\u00f3n.<\/p>\n\n\n\n<p>El gobernador Luis Caldera reitera su compromiso con la recuperaci\u00f3n y mantenimiento de los espacios en cada rinc\u00f3n del Zulia, haciendo un llamado a la conciencia ciudadana para colaborar con el cuidado y preservaci\u00f3n de estas \u00e1reas que son patrimonio de todos.<br><strong><em>ET \/ Nota de Prensa<\/em><\/strong><\/p>\n\n\n\n<p><\/p>\n","protected":false},"excerpt":{"rendered":"<p>ENTRE TORMENTAS. La Gobernaci\u00f3n del Zulia contin\u00faa desplegando con \u00e9xito su plan de limpieza y&#8230;<\/p>\n","protected":false},"author":2,"featured_media":23464,"comment_status":"closed","ping_status":"open","sticky":false,"template":"","format":"standard","meta":{"footnotes":""},"categories":[57,1],"tags":[],"class_list":["post-23462","post","type-post","status-publish","format-standard","has-post-thumbnail","hentry","category-actualidad","category-regionales"],"_links":{"self":[{"href":"https:\/\/entretormentas.com\/index.php?rest_route=\/wp\/v2\/posts\/23462","targetHints":{"allow":["GET"]}}],"collection":[{"href":"https:\/\/entretormentas.com\/index.php?rest_route=\/wp\/v2\/posts"}],"about":[{"href":"https:\/\/entretormentas.com\/index.php?rest_route=\/wp\/v2\/types\/post"}],"author":[{"embeddable":true,"href":"https:\/\/entretormentas.com\/index.php?rest_route=\/wp\/v2\/users\/2"}],"replies":[{"embeddable":true,"href":"https:\/\/entretormentas.com\/index.php?rest_route=%2Fwp%2Fv2%2Fcomments&post=23462"}],"version-history":[{"count":1,"href":"https:\/\/entretormentas.com\/index.php?rest_route=\/wp\/v2\/posts\/23462\/revisions"}],"predecessor-version":[{"id":23465,"href":"https:\/\/entretormentas.com\/index.php?rest_route=\/wp\/v2\/posts\/23462\/revisions\/23465"}],"wp:featuredmedia":[{"embeddable":true,"href":"https:\/\/entretormentas.com\/index.php?rest_route=\/wp\/v2\/media\/23464"}],"wp:attachment":[{"href":"https:\/\/entretormentas.com\/index.php?rest_route=%2Fwp%2Fv2%2Fmedia&parent=23462"}],"wp:term":[{"taxonomy":"category","embeddable":true,"href":"https:\/\/entretormentas.com\/index.php?rest_route=%2Fwp%2Fv2%2Fcategories&post=23462"},{"taxonomy":"post_tag","embeddable":true,"href":"https:\/\/entretormentas.com\/index.php?rest_route=%2Fwp%2Fv2%2Ftags&post=23462"}],"curies":[{"name":"wp","href":"https:\/\/api.w.org\/{rel}","templated":true}]}}