{"id":23466,"date":"2025-10-15T04:38:06","date_gmt":"2025-10-15T08:38:06","guid":{"rendered":"https:\/\/entretormentas.com\/?p=23466"},"modified":"2025-10-15T04:38:07","modified_gmt":"2025-10-15T08:38:07","slug":"di-martino-es-una-propuesta-de-conciencia-la-recaudacion-por-el-servicio-del-aseo","status":"publish","type":"post","link":"https:\/\/entretormentas.com\/di-martino-es-una-propuesta-de-conciencia-la-recaudacion-por-el-servicio-del-aseo\/","title":{"rendered":"DI MARTINO: \u00abEs una propuesta de conciencia la recaudaci\u00f3n por el servicio del aseo\u00bb"},"content":{"rendered":"\n<p><strong><em>\u201cEl ciudadano debe tomar conciencia para poder erradicar el tema de la basura\u201d, dijo el Alcalde Bolivariano de Maracaibo. Censur\u00f3 \u00abla cultura del carretillero, del chatarrero y de las chatarreras, que promueven una serie de vicios, y hay que erradicarla\u00bb<\/em><\/strong><\/p>\n\n\n\n<p><strong>ENTRE TORMENTAS. <\/strong>El alcalde de Maracaibo Giancarlo Di Martino, afirm\u00f3, \u00abque la recaudaci\u00f3n por el servicio del aseo, es una propuesta de conciencia para los ciudadanos, en proceso de evaluaci\u00f3n, porque queremos asumir una responsabilidad total con el pueblo marabino\u201d.<\/p>\n\n\n\n<p>As\u00ed lo declar\u00f3 Di Martino, durante la entrega de los trabajos de reacondicionamiento que la municipalidad ejecut\u00f3 en todas las \u00e1reas del terminal terrestre de la ciudad.<\/p>\n\n\n\n<p>En sus declaraciones, Di Martino insisti\u00f3 sobre el eventual cobro de una tarifa para el aseo urbano: \u201cPor los momentos no. No se est\u00e1 cobrando, estamos evaluando esa propuesta\u201d.<\/p>\n\n\n\n<p><strong>CONCIENCIA CIUDADANA<\/strong><br>El Alcalde apel\u00f3 a la conciencia de los ciudadanos para un eventual cobro del servicio.<br>\u201cEs una propuesta de conciencia ciudadana porque, miren, si el cami\u00f3n pasa a las 8:00 de la noche, (a esa hora) pas\u00f3 y recolect\u00f3. No me saquen basura a las 9:00 de la noche ni a las 10:00\u201d, dijo Di Martino, llamando a los vecinos a acatar los d\u00edas y horarios de recolecci\u00f3n de los camiones que ha puesto en servicio la Alcald\u00eda a trav\u00e9s del Imau.<\/p>\n\n\n\n<p>\u201cYo entiendo que no puede haber conciencia todav\u00eda, despu\u00e9s que fall\u00f3 la frecuencia de la recolecci\u00f3n durante tantos a\u00f1os, pero estamos imponiendo un m\u00e9todo para poder crear las condiciones del servicio y que la gente tambi\u00e9n nos ayude\u201d, insisti\u00f3 Di Martino.<\/p>\n\n\n\n<figure class=\"wp-block-image size-large\"><img fetchpriority=\"high\" decoding=\"async\" width=\"1024\" height=\"683\" src=\"https:\/\/entretormentas.com\/wp-content\/uploads\/2025\/10\/DICOBRO2-1024x683.jpg\" alt=\"\" class=\"wp-image-23467\" srcset=\"https:\/\/entretormentas.com\/wp-content\/uploads\/2025\/10\/DICOBRO2-1024x683.jpg 1024w, https:\/\/entretormentas.com\/wp-content\/uploads\/2025\/10\/DICOBRO2-300x200.jpg 300w, https:\/\/entretormentas.com\/wp-content\/uploads\/2025\/10\/DICOBRO2-768x512.jpg 768w, https:\/\/entretormentas.com\/wp-content\/uploads\/2025\/10\/DICOBRO2.jpg 1200w\" sizes=\"(max-width: 1024px) 100vw, 1024px\" \/><\/figure>\n\n\n\n<p><strong>TRABAJO CONJUNTO: CIUDADANOS Y ALCALD\u00cdA<\/strong><br>Declar\u00f3 el Alcalde: \u201cEl proceso de recolecci\u00f3n de desechos s\u00f3lidos para nosotros ha sido la primera punta de lanza, la m\u00e1s importante. \u00bfQue la hemos podido combatir? A\u00fan no, porque entre otras cosas, hay que decirlo con toda responsabilidad, una ciudad limpia amerita tambi\u00e9n conciencia ciudadana\u201d.<\/p>\n\n\n\n<p>Y enfatiz\u00f3: \u201cNosotros podemos recoger toda la basura del mundo, pero si no hay conciencia ciudadana, si el ciudadano no toma conciencia con relaci\u00f3n a este tema, ser\u00e1 muy dif\u00edcil que podamos erradicar el tema de la basura\u201d.<br>Di Martino dijo que \u201cpodremos tener mil camiones recolectores, compactadores, pero se trata de un trabajo conjunto entre los ciudadanos y la Alcald\u00eda, el Instituto Municipal de Aseo Urbano, el Instituto Municipal de Ambiente y todos aquellos que est\u00e1n involucrados en el proceso de recolecci\u00f3n\u201d.<\/p>\n\n\n\n<p><strong>ERRADICAR CULTURA DEL CARRETILLERO Y DEL CHATARRERO<\/strong><br>El Alcalde critic\u00f3 \u201cla cultura del carretillero y del chatarrero, que se ha desarrollado a lo largo de todos estos a\u00f1os. El carretillero va transitando por la calle rompiendo las bolsas de basura para el chatarrero y al carretillero le dan cinco d\u00f3lares, en las zonas residenciales, para que se lleve la basura. Ahora bien, si ya el cami\u00f3n o los camiones est\u00e1n aptos dentro de poco para poder consolidar ese servicio, evidentemente que nosotros tenemos que desmontar el tema del pago que se le da a un carretillero, para que agarre la basura de una zona residencial o de cualquier sitio y lo que hace es llevarla m\u00e1s adelante y acumular una monta\u00f1a de basura\u201d.<\/p>\n\n\n\n<p>Entonces, a\u00f1adi\u00f3, \u201cnosotros, en la medida en que tengamos m\u00e1s compactadores y regularicemos la frecuencia, nos tienen que respetar. Por eso hay tambi\u00e9n un \u00aboperativo\u00bb en contra -entre comillas- del carretillero y del chatarrero, y de las chatarreras, que es una especie de c\u00e1ncer que tenemos en la ciudad porque promueven una serie de vicios y, hay que decirlo con toda responsabilidad y sinceridad, que nosotros tambi\u00e9n tenemos que erradicar\u201d, finaliz\u00f3 Di Martino.<br><strong><em>ET \/ Prensa Alcald\u00eda de Maracaibo<\/em><\/strong><\/p>\n","protected":false},"excerpt":{"rendered":"<p>\u201cEl ciudadano debe tomar conciencia para poder erradicar el tema de la basura\u201d, dijo el&#8230;<\/p>\n","protected":false},"author":2,"featured_media":23468,"comment_status":"closed","ping_status":"open","sticky":false,"template":"","format":"standard","meta":{"footnotes":""},"categories":[57,1],"tags":[],"class_list":["post-23466","post","type-post","status-publish","format-standard","has-post-thumbnail","hentry","category-actualidad","category-regionales"],"_links":{"self":[{"href":"https:\/\/entretormentas.com\/index.php?rest_route=\/wp\/v2\/posts\/23466","targetHints":{"allow":["GET"]}}],"collection":[{"href":"https:\/\/entretormentas.com\/index.php?rest_route=\/wp\/v2\/posts"}],"about":[{"href":"https:\/\/entretormentas.com\/index.php?rest_route=\/wp\/v2\/types\/post"}],"author":[{"embeddable":true,"href":"https:\/\/entretormentas.com\/index.php?rest_route=\/wp\/v2\/users\/2"}],"replies":[{"embeddable":true,"href":"https:\/\/entretormentas.com\/index.php?rest_route=%2Fwp%2Fv2%2Fcomments&post=23466"}],"version-history":[{"count":1,"href":"https:\/\/entretormentas.com\/index.php?rest_route=\/wp\/v2\/posts\/23466\/revisions"}],"predecessor-version":[{"id":23469,"href":"https:\/\/entretormentas.com\/index.php?rest_route=\/wp\/v2\/posts\/23466\/revisions\/23469"}],"wp:featuredmedia":[{"embeddable":true,"href":"https:\/\/entretormentas.com\/index.php?rest_route=\/wp\/v2\/media\/23468"}],"wp:attachment":[{"href":"https:\/\/entretormentas.com\/index.php?rest_route=%2Fwp%2Fv2%2Fmedia&parent=23466"}],"wp:term":[{"taxonomy":"category","embeddable":true,"href":"https:\/\/entretormentas.com\/index.php?rest_route=%2Fwp%2Fv2%2Fcategories&post=23466"},{"taxonomy":"post_tag","embeddable":true,"href":"https:\/\/entretormentas.com\/index.php?rest_route=%2Fwp%2Fv2%2Ftags&post=23466"}],"curies":[{"name":"wp","href":"https:\/\/api.w.org\/{rel}","templated":true}]}}