{"id":23470,"date":"2025-10-15T04:40:40","date_gmt":"2025-10-15T08:40:40","guid":{"rendered":"https:\/\/entretormentas.com\/?p=23470"},"modified":"2025-10-15T04:40:41","modified_gmt":"2025-10-15T08:40:41","slug":"vicepresidenta-del-mas-todos-somos-responsables-de-lograr-la-paz-en-venezuela","status":"publish","type":"post","link":"https:\/\/entretormentas.com\/vicepresidenta-del-mas-todos-somos-responsables-de-lograr-la-paz-en-venezuela\/","title":{"rendered":"VICEPRESIDENTA DEL MAS: \u00abTodos somos responsables de lograr la paz en Venezuela\u00bb"},"content":{"rendered":"\n<p><strong>ENTRE TORMENTAS. <\/strong>Venezuela contin\u00faa en la mira de la comunidad internacional tras hab\u00e9rsele otorgado el Premio Nobel de la Paz a Mar\u00eda Corina Machado. As\u00ed lo afirm\u00f3 Mar\u00eda Verdeal, vicepresidenta del MAS, al indicar que este galard\u00f3n le genera un gran compromiso y reflexi\u00f3n no solo a quien lo recibe, sino a todos los venezolanos.<\/p>\n\n\n\n<p>\u201cCon esto se demuestra que la llama de la democracia se mantiene viva y que podr\u00edamos amanecer con una amnist\u00eda general, sin presos pol\u00edticos\u00bb.<\/p>\n\n\n\n<p>Asegur\u00f3 que el premio es un reconocimiento para Venezuela y todos sus habitantes, donde muchos han perdido la vida y otros han abandonado el territorio por diversas circunstancias. \u00abEl Nobel de la Paz engloba un mensaje de esperanza para tener un mejor pa\u00eds y seguir luchando por la democracia\u00bb.<\/p>\n\n\n\n<p>Verdeal resalt\u00f3 tambi\u00e9n que el reino de Noruega, de donde proviene el Premio Nobel de la Paz, ha sido una figura importante en los procesos de negociaci\u00f3n, di\u00e1logo y entendimiento en el pa\u00eds. \u00abNo logr\u00f3 lamentablemente los frutos deseados por la mayor\u00eda de los venezolanos\u201d.<\/p>\n\n\n\n<p>Verdeal se\u00f1al\u00f3 que otro hecho que nos mantiene en el centro del mundo es la canonizaci\u00f3n de los primeros santos venezolanos, Jos\u00e9 Gregorio Hern\u00e1ndez y Carmen Rendiles, lo cual representa un acto reconfortante para todos los venezolanos y en especial, para la comunidad cat\u00f3lica.<\/p>\n\n\n\n<p>\u00abCon la santificaci\u00f3n, los venezolanos estamos recibiendo un ba\u00f1o de esperanza, reconciliaci\u00f3n y paz\u00bb.<\/p>\n\n\n\n<p>Al hacer alusi\u00f3n al comunicado de la Conferencia Episcopal Venezolana, la dirigente pol\u00edtica reiter\u00f3 que el MAS sigue apoyando el di\u00e1logo, la negociaci\u00f3n y el entendimiento entre todos los sectores de la vida nacional.<\/p>\n\n\n\n<p>La vicepresidenta del partido naranja agradeci\u00f3 el reciente mensaje de su santidad Le\u00f3n XIV a favor del entendimiento y la paz como valores fundamentales que se traducen en desprendimiento, refiri\u00e9ndose con ello a la liberaci\u00f3n de rehenes en Palestina e Israel.<\/p>\n\n\n\n<p>\u201cLas palabras del papa suman y contribuyen con la construcci\u00f3n de los caminos pac\u00edficos que tanto anhelan los venezolanos. Una verdadera democracia no tiene presos pol\u00edticos\u201d.<\/p>\n\n\n\n<p>Verdeal enfatiz\u00f3 que los venezolanos sortean a diario serias dificultades como consecuencia del irrisorio monto de pensiones y salarios y un tipo de cambio descontrolado, pero quienes detentan el poder tienen los ojos puestos en otras acciones y no en la problem\u00e1tica ciudadana.<\/p>\n\n\n\n<p>El MAS insiste en que la paz es el \u00fanico camino para lograr la unificaci\u00f3n y el retorno de venezolanos pero debe respetarse la pluralidad de pensamiento y la diversidad democr\u00e1tica.<\/p>\n\n\n\n<p>\u00abEl gobierno tiene que dar el primer paso y dem\u00e1s se\u00f1ales para proceder de manera diferente, como liberar a los presos pol\u00edticos, en virtud de que el Premio Nobel de la Paz reposa en los hombros de todos los venezolanos\u201d.<br><strong><em>ET \/ Prensa MAS<\/em><\/strong><\/p>\n\n\n\n<p><\/p>\n","protected":false},"excerpt":{"rendered":"<p>ENTRE TORMENTAS. Venezuela contin\u00faa en la mira de la comunidad internacional tras hab\u00e9rsele otorgado el&#8230;<\/p>\n","protected":false},"author":2,"featured_media":23471,"comment_status":"closed","ping_status":"open","sticky":false,"template":"","format":"standard","meta":{"footnotes":""},"categories":[56,49],"tags":[],"class_list":["post-23470","post","type-post","status-publish","format-standard","has-post-thumbnail","hentry","category-destacadas","category-nacionales"],"_links":{"self":[{"href":"https:\/\/entretormentas.com\/index.php?rest_route=\/wp\/v2\/posts\/23470","targetHints":{"allow":["GET"]}}],"collection":[{"href":"https:\/\/entretormentas.com\/index.php?rest_route=\/wp\/v2\/posts"}],"about":[{"href":"https:\/\/entretormentas.com\/index.php?rest_route=\/wp\/v2\/types\/post"}],"author":[{"embeddable":true,"href":"https:\/\/entretormentas.com\/index.php?rest_route=\/wp\/v2\/users\/2"}],"replies":[{"embeddable":true,"href":"https:\/\/entretormentas.com\/index.php?rest_route=%2Fwp%2Fv2%2Fcomments&post=23470"}],"version-history":[{"count":1,"href":"https:\/\/entretormentas.com\/index.php?rest_route=\/wp\/v2\/posts\/23470\/revisions"}],"predecessor-version":[{"id":23472,"href":"https:\/\/entretormentas.com\/index.php?rest_route=\/wp\/v2\/posts\/23470\/revisions\/23472"}],"wp:featuredmedia":[{"embeddable":true,"href":"https:\/\/entretormentas.com\/index.php?rest_route=\/wp\/v2\/media\/23471"}],"wp:attachment":[{"href":"https:\/\/entretormentas.com\/index.php?rest_route=%2Fwp%2Fv2%2Fmedia&parent=23470"}],"wp:term":[{"taxonomy":"category","embeddable":true,"href":"https:\/\/entretormentas.com\/index.php?rest_route=%2Fwp%2Fv2%2Fcategories&post=23470"},{"taxonomy":"post_tag","embeddable":true,"href":"https:\/\/entretormentas.com\/index.php?rest_route=%2Fwp%2Fv2%2Ftags&post=23470"}],"curies":[{"name":"wp","href":"https:\/\/api.w.org\/{rel}","templated":true}]}}