{"id":23476,"date":"2025-10-15T04:44:43","date_gmt":"2025-10-15T08:44:43","guid":{"rendered":"https:\/\/entretormentas.com\/?p=23476"},"modified":"2025-10-15T04:44:43","modified_gmt":"2025-10-15T08:44:43","slug":"previo-a-su-canonizacion-vaticano-devela-imagen-de-jose-gregorio-hernandez-y-carmen-rendiles-en-la-plaza-san-pedro","status":"publish","type":"post","link":"https:\/\/entretormentas.com\/previo-a-su-canonizacion-vaticano-devela-imagen-de-jose-gregorio-hernandez-y-carmen-rendiles-en-la-plaza-san-pedro\/","title":{"rendered":"\u00a1PREVIO A SU CANONIZACI\u00d3N! Vaticano devela imagen de Jos\u00e9 Gregorio Hern\u00e1ndez y Carmen Rendiles en la Plaza San Pedro"},"content":{"rendered":"\n<p><strong>ENTRE TORMENTAS. <\/strong>A tan solo cuatro d\u00edas de la ceremonia de canonizaci\u00f3n de los beatos Jos\u00e9 Gregorio Hern\u00e1ndez y Carmen Rendiles, el Vaticano devel\u00f3 un enorme tapiz que se exhibir\u00e1 en los pr\u00f3ximos d\u00edas en la plaza de San Pedro.<\/p>\n\n\n\n<p>En sus redes sociales, el periodista Jos\u00e9 Arnaldo Mujica captur\u00f3 el emotivo momento en el que fueron instaladas ambas im\u00e1genes en honor a los dos primeros santos venezolanos. \u00abCada detalle, cada aplauso y cada l\u00e1grima reflejan la fe y la devoci\u00f3n de todo un pueblo que lo lleva en el coraz\u00f3n\u00bb, escribi\u00f3 Mujica sobre la publicaci\u00f3n.<\/p>\n\n\n\n<p>Venezuela celebrar\u00e1 la canonizaci\u00f3n de Jos\u00e9 Gregorio Hern\u00e1ndez y la madre Carmen Rendiles, este domingo 19 de octubre en Roma, mientras que la conmemoraci\u00f3n en el pa\u00eds tendr\u00e1 lugar el pr\u00f3ximo 25 de octubre en el Estadio Monumental de Caracas.<\/p>\n\n\n\n<p>Sin embargo, desde este s\u00e1bado habr\u00e1 una vigilia nacional con transmisi\u00f3n en vivo de la ceremonia, y una misa central en la Iglesia de La Candelaria, en Caracas.<br><strong><em>ET \/ Agencias<\/em><\/strong><\/p>\n","protected":false},"excerpt":{"rendered":"<p>ENTRE TORMENTAS. A tan solo cuatro d\u00edas de la ceremonia de canonizaci\u00f3n de los beatos&#8230;<\/p>\n","protected":false},"author":2,"featured_media":23477,"comment_status":"closed","ping_status":"open","sticky":false,"template":"","format":"standard","meta":{"footnotes":""},"categories":[56,48],"tags":[],"class_list":["post-23476","post","type-post","status-publish","format-standard","has-post-thumbnail","hentry","category-destacadas","category-internacionales"],"_links":{"self":[{"href":"https:\/\/entretormentas.com\/index.php?rest_route=\/wp\/v2\/posts\/23476","targetHints":{"allow":["GET"]}}],"collection":[{"href":"https:\/\/entretormentas.com\/index.php?rest_route=\/wp\/v2\/posts"}],"about":[{"href":"https:\/\/entretormentas.com\/index.php?rest_route=\/wp\/v2\/types\/post"}],"author":[{"embeddable":true,"href":"https:\/\/entretormentas.com\/index.php?rest_route=\/wp\/v2\/users\/2"}],"replies":[{"embeddable":true,"href":"https:\/\/entretormentas.com\/index.php?rest_route=%2Fwp%2Fv2%2Fcomments&post=23476"}],"version-history":[{"count":1,"href":"https:\/\/entretormentas.com\/index.php?rest_route=\/wp\/v2\/posts\/23476\/revisions"}],"predecessor-version":[{"id":23478,"href":"https:\/\/entretormentas.com\/index.php?rest_route=\/wp\/v2\/posts\/23476\/revisions\/23478"}],"wp:featuredmedia":[{"embeddable":true,"href":"https:\/\/entretormentas.com\/index.php?rest_route=\/wp\/v2\/media\/23477"}],"wp:attachment":[{"href":"https:\/\/entretormentas.com\/index.php?rest_route=%2Fwp%2Fv2%2Fmedia&parent=23476"}],"wp:term":[{"taxonomy":"category","embeddable":true,"href":"https:\/\/entretormentas.com\/index.php?rest_route=%2Fwp%2Fv2%2Fcategories&post=23476"},{"taxonomy":"post_tag","embeddable":true,"href":"https:\/\/entretormentas.com\/index.php?rest_route=%2Fwp%2Fv2%2Ftags&post=23476"}],"curies":[{"name":"wp","href":"https:\/\/api.w.org\/{rel}","templated":true}]}}