{"id":23486,"date":"2025-10-16T03:13:54","date_gmt":"2025-10-16T07:13:54","guid":{"rendered":"https:\/\/entretormentas.com\/?p=23486"},"modified":"2025-10-16T03:13:55","modified_gmt":"2025-10-16T07:13:55","slug":"en-san-francisco-camara-municipal-surena-reconoce-labor-de-medicos-integrales-de-la-localidad","status":"publish","type":"post","link":"https:\/\/entretormentas.com\/en-san-francisco-camara-municipal-surena-reconoce-labor-de-medicos-integrales-de-la-localidad\/","title":{"rendered":"\u00a1EN SAN FRANCISCO! C\u00e1mara Municipal sure\u00f1a reconoce labor de m\u00e9dicos integrales de la localidad"},"content":{"rendered":"\n<p><strong>ENTRE TORMENTAS.<\/strong> En una sesi\u00f3n especial llevada a cabo en el Auditorio Ch\u00e1vez Vivo del ayuntamiento sure\u00f1o, la C\u00e1mara Municipal de San Francisco conmemor\u00f3 el D\u00eda del M\u00e9dico Integral Comunitario, reconociendo la labor de 55 profesionales de la salud que hacen vida en la localidad.<\/p>\n\n\n\n<p>Durante el acto, Lerry P\u00e9rez, presidente de la C\u00e1mara Municipal, felicit\u00f3 a los presentes por la loable y desinteresada labor que realizan en pro del bienestar de los sanfranciscanos.<\/p>\n\n\n\n<figure class=\"wp-block-image size-large\"><img fetchpriority=\"high\" decoding=\"async\" width=\"1024\" height=\"685\" src=\"https:\/\/entretormentas.com\/wp-content\/uploads\/2025\/10\/sursalud2-1024x685.jpg\" alt=\"\" class=\"wp-image-23487\" srcset=\"https:\/\/entretormentas.com\/wp-content\/uploads\/2025\/10\/sursalud2-1024x685.jpg 1024w, https:\/\/entretormentas.com\/wp-content\/uploads\/2025\/10\/sursalud2-300x201.jpg 300w, https:\/\/entretormentas.com\/wp-content\/uploads\/2025\/10\/sursalud2-768x514.jpg 768w, https:\/\/entretormentas.com\/wp-content\/uploads\/2025\/10\/sursalud2.jpg 1280w\" sizes=\"(max-width: 1024px) 100vw, 1024px\" \/><\/figure>\n\n\n\n<p>\u00abEsto es poco para lo que merecen. Ustedes h\u00e9roes de batas blancas, salen d\u00eda a d\u00eda a dar lo mejor de s\u00ed, a\u00fan en las adversidades, ponen el bienestar y la seguridad de otros antes que las de ustedes y este peque\u00f1o homenaje es para reconocer todo ese esfuerzo trabajo\u00bb, expres\u00f3 P\u00e9rez.<\/p>\n\n\n\n<p>Por su parte, el Dr. Yohendry Luzardo, Autoridad \u00danica de Salud de San Francisco y orador de orden de la sesi\u00f3n, record\u00f3 como ese pacto de cooperaci\u00f3n entre el Comandante Hugo Ch\u00e1vez y Fidel Castro, abri\u00f3 las puertas para que muchos cristalizar\u00e1n sus sue\u00f1os de estudiar una carrera tan demandante y dif\u00edcil de matricular como la medicina.<\/p>\n\n\n\n<figure class=\"wp-block-image size-large\"><img decoding=\"async\" width=\"1024\" height=\"685\" src=\"https:\/\/entretormentas.com\/wp-content\/uploads\/2025\/10\/sursalud3-1024x685.jpg\" alt=\"\" class=\"wp-image-23488\" srcset=\"https:\/\/entretormentas.com\/wp-content\/uploads\/2025\/10\/sursalud3-1024x685.jpg 1024w, https:\/\/entretormentas.com\/wp-content\/uploads\/2025\/10\/sursalud3-300x201.jpg 300w, https:\/\/entretormentas.com\/wp-content\/uploads\/2025\/10\/sursalud3-768x514.jpg 768w, https:\/\/entretormentas.com\/wp-content\/uploads\/2025\/10\/sursalud3.jpg 1280w\" sizes=\"(max-width: 1024px) 100vw, 1024px\" \/><\/figure>\n\n\n\n<p>\u00abSin ese pacto de cooperaci\u00f3n que se hizo hace m\u00e1s de 11 a\u00f1os, muchos de nosotros no ser\u00edamos hoy m\u00e9dicos. Sab\u00edamos que estudiar esta carrera es de esfuerzo y sacrificio, es poner por encima de todo a nuestros pacientes, incluso a nuestra propia familia y todo profesional de la salud con buena \u00e9tica y con amor por lo que hace lo har\u00e1 sin pensarlo una y mil veces\u00bb, destac\u00f3 el Dr. Luzardo.<\/p>\n\n\n\n<p>Cabe destacar que los m\u00e9dicos integrales que fueron reconocidos forman parte del personal adscrito al Materno Dr. Ernesto Che Guevara, las Cl\u00ednicas Populares y \u00c1reas de Salud Integrales Comunitarias y dem\u00e1s centros de salud pertenecientes a la red p\u00fablica de atenci\u00f3n del municipio San Francisco, que en esta nueva etapa se ha venido fortaleciendo gracias a la gesti\u00f3n humanista del Alcalde Bolivariano, H\u00e9ctor Soto.<br><strong><em>ET \/ Prensa Alcald\u00eda de San Francisco<\/em><\/strong><\/p>\n","protected":false},"excerpt":{"rendered":"<p>ENTRE TORMENTAS. En una sesi\u00f3n especial llevada a cabo en el Auditorio Ch\u00e1vez Vivo del&#8230;<\/p>\n","protected":false},"author":2,"featured_media":23489,"comment_status":"closed","ping_status":"open","sticky":false,"template":"","format":"standard","meta":{"footnotes":""},"categories":[57,1],"tags":[],"class_list":["post-23486","post","type-post","status-publish","format-standard","has-post-thumbnail","hentry","category-actualidad","category-regionales"],"_links":{"self":[{"href":"https:\/\/entretormentas.com\/index.php?rest_route=\/wp\/v2\/posts\/23486","targetHints":{"allow":["GET"]}}],"collection":[{"href":"https:\/\/entretormentas.com\/index.php?rest_route=\/wp\/v2\/posts"}],"about":[{"href":"https:\/\/entretormentas.com\/index.php?rest_route=\/wp\/v2\/types\/post"}],"author":[{"embeddable":true,"href":"https:\/\/entretormentas.com\/index.php?rest_route=\/wp\/v2\/users\/2"}],"replies":[{"embeddable":true,"href":"https:\/\/entretormentas.com\/index.php?rest_route=%2Fwp%2Fv2%2Fcomments&post=23486"}],"version-history":[{"count":1,"href":"https:\/\/entretormentas.com\/index.php?rest_route=\/wp\/v2\/posts\/23486\/revisions"}],"predecessor-version":[{"id":23490,"href":"https:\/\/entretormentas.com\/index.php?rest_route=\/wp\/v2\/posts\/23486\/revisions\/23490"}],"wp:featuredmedia":[{"embeddable":true,"href":"https:\/\/entretormentas.com\/index.php?rest_route=\/wp\/v2\/media\/23489"}],"wp:attachment":[{"href":"https:\/\/entretormentas.com\/index.php?rest_route=%2Fwp%2Fv2%2Fmedia&parent=23486"}],"wp:term":[{"taxonomy":"category","embeddable":true,"href":"https:\/\/entretormentas.com\/index.php?rest_route=%2Fwp%2Fv2%2Fcategories&post=23486"},{"taxonomy":"post_tag","embeddable":true,"href":"https:\/\/entretormentas.com\/index.php?rest_route=%2Fwp%2Fv2%2Ftags&post=23486"}],"curies":[{"name":"wp","href":"https:\/\/api.w.org\/{rel}","templated":true}]}}