{"id":23496,"date":"2025-10-16T03:24:37","date_gmt":"2025-10-16T07:24:37","guid":{"rendered":"https:\/\/entretormentas.com\/?p=23496"},"modified":"2025-10-16T03:24:38","modified_gmt":"2025-10-16T07:24:38","slug":"mas-de-dos-mil-beneficiados-alcaldia-de-maracaibo-realiza-nueva-megajornada-social-en-el-barrio-andres-eloy-blanco","status":"publish","type":"post","link":"https:\/\/entretormentas.com\/mas-de-dos-mil-beneficiados-alcaldia-de-maracaibo-realiza-nueva-megajornada-social-en-el-barrio-andres-eloy-blanco\/","title":{"rendered":"\u00a1M\u00c1S DE DOS MIL BENEFICIADOS! Alcald\u00eda de Maracaibo realiza nueva megajornada social en el barrio Andr\u00e9s Eloy Blanco"},"content":{"rendered":"\n<p><strong>ENTRE TORMENTAS.<\/strong> Emely Valderrama, residente del sector San Jos\u00e9, sal\u00eda sonriente de una de las cl\u00ednicas m\u00f3viles que la Alcald\u00eda de Maracaibo desplegado este mi\u00e9rcoles en el barrio Andr\u00e9s Eloy Blanco, al oeste de la ciudad. Hab\u00eda recibido, de forma gratuita, medicamentos para ella, su pap\u00e1 y su peque\u00f1a hija de tres a\u00f1os.<\/p>\n\n\n\n<p>Fue durante una nueva jornada de mercados populares y atenci\u00f3n integral que, por \u00f3rdenes del alcalde Giancarlo Di Martino, la municipalidad realiz\u00f3 en este sector de la parroquia Cecilio Acosta, y a donde acudieron en forma masiva residentes de sectores como El Varillal, Gallo Verde, Barrio Bol\u00edvar y La Chamarreta; entre otros.<\/p>\n\n\n\n<p>Como Emely Valderrama, m\u00e1s de dos mil vecinos se beneficiaron de la actividad, inform\u00f3 en el sitio Gianluigi Di Martino Barboza, director del Despacho de la Alcald\u00eda de Maracaibo.<\/p>\n\n\n\n<p>Dijo el funcionario que estas megajornadas, por petici\u00f3n de las comunidades, se hacen ahora dos veces por semana: los d\u00edas mi\u00e9rcoles y s\u00e1bado.<\/p>\n\n\n\n<figure class=\"wp-block-image size-large\"><img fetchpriority=\"high\" decoding=\"async\" width=\"1024\" height=\"682\" src=\"https:\/\/entretormentas.com\/wp-content\/uploads\/2025\/10\/megajo2-1024x682.jpg\" alt=\"\" class=\"wp-image-23497\" srcset=\"https:\/\/entretormentas.com\/wp-content\/uploads\/2025\/10\/megajo2-1024x682.jpg 1024w, https:\/\/entretormentas.com\/wp-content\/uploads\/2025\/10\/megajo2-300x200.jpg 300w, https:\/\/entretormentas.com\/wp-content\/uploads\/2025\/10\/megajo2-768x512.jpg 768w, https:\/\/entretormentas.com\/wp-content\/uploads\/2025\/10\/megajo2.jpg 1280w\" sizes=\"(max-width: 1024px) 100vw, 1024px\" \/><\/figure>\n\n\n\n<p><strong>ATENCI\u00d3N INTEGRAL<\/strong><br>Gianluigi Di Martino destac\u00f3 que la actividad en el barrio Andr\u00e9s Eloy Blanco fue un \u00e9xito total e incluy\u00f3 -adem\u00e1s de atenci\u00f3n m\u00e9dica, odontol\u00f3gica y entrega de medicamentos- la venta de alimentos a precios justos, servicios gratuitos de peluquer\u00eda, registro civil, atenci\u00f3n a mascotas y feria de emprendedores.<\/p>\n\n\n\n<p>Tambi\u00e9n se despliegan \u2018puntos rosa\u2019 -del Instituto Municipal para la Mujer- con informaci\u00f3n sobre la prevenci\u00f3n del c\u00e1ncer de mama, ecograf\u00eda mamaria y uterina y asesor\u00eda sobre la violencia de g\u00e9nero.<\/p>\n\n\n\n<p>\u201cContinuamos con las megajornada integrales impulsadas por el alcalde Giancarlo Di Martino, en conjunto con nuestro gobernador Luis Caldera y nuestro presidente Nicol\u00e1s Maduro\u201d, dijo Di Martino.<\/p>\n\n\n\n<p>\u201cAc\u00e1 estamos desplegados con todo el personal de la Alcald\u00eda de Maracaibo, en forma coordinada con los enlaces del Psuv en la parroquia Cecilio Acosta, todos juntos, para acatar las instrucciones de nuestro alcalde y brindar atenci\u00f3n gratuita y de calidad a nuestras comunidades\u201d.<\/p>\n\n\n\n<figure class=\"wp-block-image size-large\"><img decoding=\"async\" width=\"1024\" height=\"683\" src=\"https:\/\/entretormentas.com\/wp-content\/uploads\/2025\/10\/megajo3-1024x683.jpg\" alt=\"\" class=\"wp-image-23498\" srcset=\"https:\/\/entretormentas.com\/wp-content\/uploads\/2025\/10\/megajo3-1024x683.jpg 1024w, https:\/\/entretormentas.com\/wp-content\/uploads\/2025\/10\/megajo3-300x200.jpg 300w, https:\/\/entretormentas.com\/wp-content\/uploads\/2025\/10\/megajo3-768x512.jpg 768w, https:\/\/entretormentas.com\/wp-content\/uploads\/2025\/10\/megajo3.jpg 1280w\" sizes=\"(max-width: 1024px) 100vw, 1024px\" \/><\/figure>\n\n\n\n<p><strong>VECINOS SATISFECHOS<\/strong><br>Otra vecina que estaba contenta por asistir a esta megajornada de la Alcald\u00eda Bolivariana de Maracaibo era Glady Rodr\u00edguez, de las residencias Gallo Verde.<\/p>\n\n\n\n<p>Sus dos perritos Pinscher recibieron atenci\u00f3n veterinaria en el m\u00f3dulo del Instituto Municipal de Protecci\u00f3n Animal. \u201cLe pusieron la vacuna contra la rabia, los desparasitaron y les cortaron las u\u00f1as; estoy feliz\u201d, dijo.<br>Dayerlin Escobar, mientras tanto, compr\u00f3 pollo y verduras. \u201cEl mercado me pareci\u00f3 excelente, buenos productos y a excelente precio\u201d, declar\u00f3.<\/p>\n\n\n\n<p><strong>SECTOR PRIVADO Y EMPRENDEDORES<\/strong><br>Gelson Carrillo, director general de Alimentaci\u00f3n de la Alcald\u00eda de Maracaibo, se\u00f1al\u00f3 por su parte: \u201cEn esta nueva megajornada se nos unen m\u00e1s productores del oeste de la ciudad, contamos con m\u00e1s emprendedores que expenden a precios solidarios sus productos. El ahorro para los vecinos es significativo, ya que muchos productos vienen en forma directa del productor al consumidor\u201d.<\/p>\n\n\n\n<p>El funcionario resalt\u00f3 la presencia en estas jornadas de empresas que ofrecen sus productos a tasa oficial y con precios accesibles para los consumidores.<\/p>\n\n\n\n<p>\u201cAqu\u00ed no solo tenemos productores y emprendedores; tambi\u00e9n empresarios, representantes del sector privado que apuestan por el crecimiento de la econom\u00eda del pa\u00eds; impulsada por nuestro presidente Nicol\u00e1s Maduro\u201d.<br><strong><em>ET \/ Prensa Alcald\u00eda de Maracaibo<\/em><\/strong><\/p>\n\n\n\n<p><\/p>\n","protected":false},"excerpt":{"rendered":"<p>ENTRE TORMENTAS. Emely Valderrama, residente del sector San Jos\u00e9, sal\u00eda sonriente de una de las&#8230;<\/p>\n","protected":false},"author":2,"featured_media":23499,"comment_status":"closed","ping_status":"open","sticky":false,"template":"","format":"standard","meta":{"footnotes":""},"categories":[57,1],"tags":[],"class_list":["post-23496","post","type-post","status-publish","format-standard","has-post-thumbnail","hentry","category-actualidad","category-regionales"],"_links":{"self":[{"href":"https:\/\/entretormentas.com\/index.php?rest_route=\/wp\/v2\/posts\/23496","targetHints":{"allow":["GET"]}}],"collection":[{"href":"https:\/\/entretormentas.com\/index.php?rest_route=\/wp\/v2\/posts"}],"about":[{"href":"https:\/\/entretormentas.com\/index.php?rest_route=\/wp\/v2\/types\/post"}],"author":[{"embeddable":true,"href":"https:\/\/entretormentas.com\/index.php?rest_route=\/wp\/v2\/users\/2"}],"replies":[{"embeddable":true,"href":"https:\/\/entretormentas.com\/index.php?rest_route=%2Fwp%2Fv2%2Fcomments&post=23496"}],"version-history":[{"count":1,"href":"https:\/\/entretormentas.com\/index.php?rest_route=\/wp\/v2\/posts\/23496\/revisions"}],"predecessor-version":[{"id":23500,"href":"https:\/\/entretormentas.com\/index.php?rest_route=\/wp\/v2\/posts\/23496\/revisions\/23500"}],"wp:featuredmedia":[{"embeddable":true,"href":"https:\/\/entretormentas.com\/index.php?rest_route=\/wp\/v2\/media\/23499"}],"wp:attachment":[{"href":"https:\/\/entretormentas.com\/index.php?rest_route=%2Fwp%2Fv2%2Fmedia&parent=23496"}],"wp:term":[{"taxonomy":"category","embeddable":true,"href":"https:\/\/entretormentas.com\/index.php?rest_route=%2Fwp%2Fv2%2Fcategories&post=23496"},{"taxonomy":"post_tag","embeddable":true,"href":"https:\/\/entretormentas.com\/index.php?rest_route=%2Fwp%2Fv2%2Ftags&post=23496"}],"curies":[{"name":"wp","href":"https:\/\/api.w.org\/{rel}","templated":true}]}}