{"id":23506,"date":"2025-10-16T03:40:47","date_gmt":"2025-10-16T07:40:47","guid":{"rendered":"https:\/\/entretormentas.com\/?p=23506"},"modified":"2025-10-16T03:40:48","modified_gmt":"2025-10-16T07:40:48","slug":"inauguran-nueva-farmacia-en-haticos-alcaldia-de-maracaibo-apalanca-motor-economico-en-alianza-con-el-sector-privado","status":"publish","type":"post","link":"https:\/\/entretormentas.com\/inauguran-nueva-farmacia-en-haticos-alcaldia-de-maracaibo-apalanca-motor-economico-en-alianza-con-el-sector-privado\/","title":{"rendered":"\u00a1INAUGURAN NUEVA FARMACIA EN HATICOS! Alcald\u00eda de Maracaibo apalanca motor econ\u00f3mico en alianza con el sector privado"},"content":{"rendered":"\n<p><strong>ENTRE TORMENTAS. <\/strong>Con la inauguraci\u00f3n este mi\u00e9rcoles 15 de octubre, de una nueva sede de la cadena farmac\u00e9utica FarmaVenezuela, en Los Haticos, la Alcald\u00eda de Maracaibo, en alianza estrat\u00e9gica con el sector privado, apalanca los motores econ\u00f3mico y comercial de la ciudad.<\/p>\n\n\n\n<p>Miguel Silva, Intendente Urbano, en representaci\u00f3n del alcalde de Maracaibo, Giancarlo Di Martino, detall\u00f3 \u201cel alcalde ha sido enf\u00e1tico en la decisi\u00f3n de invitar a todo el empresariado a trabajar junto a nosotros por la ciudad. Ver hoy a FarmaVenezuela desarroll\u00e1ndose y expandi\u00e9ndose en la ciudad es muestra de ello\u201d.<\/p>\n\n\n\n<p>Acot\u00f3 el funcionario que, \u201cdesde la Alcald\u00eda incentivamos al sector empresarial. El alcalde lo ha dicho, \u00e9l los invita a todos a reconstruir Maracaibo, a convertirla nuevamente en la primera ciudad de Venezuela\u201d.<\/p>\n\n\n\n<figure class=\"wp-block-image size-large\"><img fetchpriority=\"high\" decoding=\"async\" width=\"1024\" height=\"473\" src=\"https:\/\/entretormentas.com\/wp-content\/uploads\/2025\/10\/farmave2-1024x473.jpg\" alt=\"\" class=\"wp-image-23507\" srcset=\"https:\/\/entretormentas.com\/wp-content\/uploads\/2025\/10\/farmave2-1024x473.jpg 1024w, https:\/\/entretormentas.com\/wp-content\/uploads\/2025\/10\/farmave2-300x139.jpg 300w, https:\/\/entretormentas.com\/wp-content\/uploads\/2025\/10\/farmave2-768x355.jpg 768w, https:\/\/entretormentas.com\/wp-content\/uploads\/2025\/10\/farmave2.jpg 1280w\" sizes=\"(max-width: 1024px) 100vw, 1024px\" \/><\/figure>\n\n\n\n<p>Silva inform\u00f3 que, el trabajo por el crecimiento econ\u00f3mico de la ciudad ya es un hecho. Anunci\u00f3 que, por disposici\u00f3n del alcalde Di Martino, desde la alcald\u00eda acompa\u00f1ar\u00e1n a las grandes empresas que tengan voluntad de invertir en la ciudad a trav\u00e9s de facilidades en materia tributaria, \u201cles daremos facilidades de meses, incluso de a\u00f1os\u201d, asegur\u00f3.<\/p>\n\n\n\n<p>Esta nueva sede de FarmaVenezuela se convierte en la cuarta sucursal operativa de esta cadena de tiendas.<br>Dimas Landino, cofundador de la firma explic\u00f3, \u201ccon esta inauguraci\u00f3n ponemos en marcha nuestra cuarta tienda y anunciamos para los pr\u00f3ximos meses, la apertura de tres sedes m\u00e1s, una de ellas en la Costa Oriental del Lago, espec\u00edficamente en Cabimas\u201d.<\/p>\n\n\n\n<p><strong>M\u00c1S EMPLEOS DIRECTOS E INDIRECTOS<\/strong><br>Con esta nueva sucursal el sector privado en conjunto con la Alcald\u00eda de Maracaibo, genera m\u00e1s de 220 empleos directos y sobrepasa los cien indirectos, lo que contribuye con el fortalecimiento del movimiento econ\u00f3mico y comercial de la parroquia Cristo de Aranza.<\/p>\n\n\n\n<p>Los directivos de la cadena de tiendas agradecieron la voluntad y disposici\u00f3n que se muestra desde la Alcald\u00eda de Maracaibo, en pro de la dinamizaci\u00f3n econ\u00f3mica de la ciudad.<\/p>\n\n\n\n<p>Esta cuarta sede de la cadena farmac\u00e9utica, cuyo concepto se fundamenta en el modelo de multitienda, abre sus puertas desde este mi\u00e9rcoles 15 de octubre en horario de 7:00 am a 11:00 pm, de lunes a domingo.<\/p>\n\n\n\n<figure class=\"wp-block-image size-large\"><img decoding=\"async\" width=\"1024\" height=\"761\" src=\"https:\/\/entretormentas.com\/wp-content\/uploads\/2025\/10\/farmave3-1024x761.jpg\" alt=\"\" class=\"wp-image-23508\" srcset=\"https:\/\/entretormentas.com\/wp-content\/uploads\/2025\/10\/farmave3-1024x761.jpg 1024w, https:\/\/entretormentas.com\/wp-content\/uploads\/2025\/10\/farmave3-300x223.jpg 300w, https:\/\/entretormentas.com\/wp-content\/uploads\/2025\/10\/farmave3-768x570.jpg 768w, https:\/\/entretormentas.com\/wp-content\/uploads\/2025\/10\/farmave3.jpg 1244w\" sizes=\"(max-width: 1024px) 100vw, 1024px\" \/><\/figure>\n\n\n\n<p>Trae un concepto innovador con la incorporaci\u00f3n de venta de l\u00ednea de ropa, que se suma a las ya existentes en el resto de sedes como es, farmacia, v\u00edveres, hogar, ferreter\u00eda, carnicer\u00eda, entre otros.<\/p>\n\n\n\n<p>Landino enfatiz\u00f3 que, FarmaVenezuela ofrece todos sus productos a precios asequibles que permiten ahorro del 20%, adem\u00e1s de diversos m\u00e9todos de pago.<br>Miriam Marriaga, habitante del sector El Progreso dijo, \u201cme parece muy bueno esto porque nos hac\u00eda falta, ya as\u00ed tenemos un centro de compras cercano para muchas comunidades que est\u00e1n en esta zona\u201d.<\/p>\n\n\n\n<p>En el acto de despeje de cinta que marc\u00f3 el inicio oficial de operaciones de esta sede, Silva estuvo acompa\u00f1ado por Mayreth Acosta, directora de Salud municipal; Karen Soto de Turismo, acompa\u00f1ados por el alcalde de San Francisco, H\u00e9ctor Soto, quien aplaudi\u00f3 el trabajo conjunto del sector privado y el gobierno municipal.<br><strong><em>ET \/ Prensa Alcald\u00eda de Maracaibo<\/em><\/strong><\/p>\n\n\n\n<p><\/p>\n","protected":false},"excerpt":{"rendered":"<p>ENTRE TORMENTAS. Con la inauguraci\u00f3n este mi\u00e9rcoles 15 de octubre, de una nueva sede de&#8230;<\/p>\n","protected":false},"author":2,"featured_media":23509,"comment_status":"closed","ping_status":"open","sticky":false,"template":"","format":"standard","meta":{"footnotes":""},"categories":[57,1],"tags":[],"class_list":["post-23506","post","type-post","status-publish","format-standard","has-post-thumbnail","hentry","category-actualidad","category-regionales"],"_links":{"self":[{"href":"https:\/\/entretormentas.com\/index.php?rest_route=\/wp\/v2\/posts\/23506","targetHints":{"allow":["GET"]}}],"collection":[{"href":"https:\/\/entretormentas.com\/index.php?rest_route=\/wp\/v2\/posts"}],"about":[{"href":"https:\/\/entretormentas.com\/index.php?rest_route=\/wp\/v2\/types\/post"}],"author":[{"embeddable":true,"href":"https:\/\/entretormentas.com\/index.php?rest_route=\/wp\/v2\/users\/2"}],"replies":[{"embeddable":true,"href":"https:\/\/entretormentas.com\/index.php?rest_route=%2Fwp%2Fv2%2Fcomments&post=23506"}],"version-history":[{"count":1,"href":"https:\/\/entretormentas.com\/index.php?rest_route=\/wp\/v2\/posts\/23506\/revisions"}],"predecessor-version":[{"id":23510,"href":"https:\/\/entretormentas.com\/index.php?rest_route=\/wp\/v2\/posts\/23506\/revisions\/23510"}],"wp:featuredmedia":[{"embeddable":true,"href":"https:\/\/entretormentas.com\/index.php?rest_route=\/wp\/v2\/media\/23509"}],"wp:attachment":[{"href":"https:\/\/entretormentas.com\/index.php?rest_route=%2Fwp%2Fv2%2Fmedia&parent=23506"}],"wp:term":[{"taxonomy":"category","embeddable":true,"href":"https:\/\/entretormentas.com\/index.php?rest_route=%2Fwp%2Fv2%2Fcategories&post=23506"},{"taxonomy":"post_tag","embeddable":true,"href":"https:\/\/entretormentas.com\/index.php?rest_route=%2Fwp%2Fv2%2Ftags&post=23506"}],"curies":[{"name":"wp","href":"https:\/\/api.w.org\/{rel}","templated":true}]}}