{"id":23516,"date":"2025-10-16T03:53:33","date_gmt":"2025-10-16T07:53:33","guid":{"rendered":"https:\/\/entretormentas.com\/?p=23516"},"modified":"2025-10-16T03:53:34","modified_gmt":"2025-10-16T07:53:34","slug":"con-mas-de-mil-800-profesionales-realizan-primer-congreso-nacional-y-regional-de-enfermeria-en-el-zulia","status":"publish","type":"post","link":"https:\/\/entretormentas.com\/con-mas-de-mil-800-profesionales-realizan-primer-congreso-nacional-y-regional-de-enfermeria-en-el-zulia\/","title":{"rendered":"\u00a1CON M\u00c1S DE MIL 800 PROFESIONALES! Realizan Primer Congreso Nacional y Regional de Enfermer\u00eda en el Zulia"},"content":{"rendered":"\n<p><strong>ENTRE TORMENTAS. <\/strong>Con una asistencia entusiasta que supera los mil 800 profesionales del sistema integrado de salud, el estado Zulia dio inicio este 15 de octubre al Primer Congreso Nacional y Regional de Enfermer\u00eda, una jornada que continuar\u00e1 este jueves 16 con m\u00e1s actividades acad\u00e9micas, reflexiones cl\u00ednicas y propuestas de articulaci\u00f3n institucional.<\/p>\n\n\n\n<p>En ese contexto, la secretaria y Autoridad \u00danica de Salud, Noly Fern\u00e1ndez, celebr\u00f3 la masiva participaci\u00f3n en el evento: \u201cM\u00e1s de mil 800 enfermeros del sistema integrado de salud estar\u00e1n en estos dos d\u00edas debatiendo sobre ejes tem\u00e1ticos como la vanguardia cl\u00ednica, la \u00e9tica y el humanismo, comunidad y liderazgo\u201d.<\/p>\n\n\n\n<figure class=\"wp-block-image size-large\"><img fetchpriority=\"high\" decoding=\"async\" width=\"1024\" height=\"768\" src=\"https:\/\/entretormentas.com\/wp-content\/uploads\/2025\/10\/enferme3-1024x768.jpg\" alt=\"\" class=\"wp-image-23517\" srcset=\"https:\/\/entretormentas.com\/wp-content\/uploads\/2025\/10\/enferme3-1024x768.jpg 1024w, https:\/\/entretormentas.com\/wp-content\/uploads\/2025\/10\/enferme3-300x225.jpg 300w, https:\/\/entretormentas.com\/wp-content\/uploads\/2025\/10\/enferme3-768x576.jpg 768w, https:\/\/entretormentas.com\/wp-content\/uploads\/2025\/10\/enferme3.jpg 1080w\" sizes=\"(max-width: 1024px) 100vw, 1024px\" \/><\/figure>\n\n\n\n<p>La jornada, seg\u00fan Fern\u00e1ndez, no solo fortalece el ejercicio pr\u00e1ctico y acad\u00e9mico de la enfermer\u00eda, sino que tambi\u00e9n representa \u201cun tema de unificaci\u00f3n y articulaci\u00f3n entre todos los niveles de atenci\u00f3n, porque aqu\u00ed est\u00e1 la red comunal, la red especializada y la red hospitalaria\u201d.<\/p>\n\n\n\n<p>El Congreso, que se realiza simult\u00e1neamente en todos los estados del pa\u00eds, responde a una directriz nacional liderada por el presidente Nicol\u00e1s Maduro, orientada a consolidar la formaci\u00f3n continua y la paz como pilares del sistema de salud.<\/p>\n\n\n\n<figure class=\"wp-block-image size-large\"><img decoding=\"async\" width=\"1024\" height=\"768\" src=\"https:\/\/entretormentas.com\/wp-content\/uploads\/2025\/10\/enferme2-1024x768.jpg\" alt=\"\" class=\"wp-image-23518\" srcset=\"https:\/\/entretormentas.com\/wp-content\/uploads\/2025\/10\/enferme2-1024x768.jpg 1024w, https:\/\/entretormentas.com\/wp-content\/uploads\/2025\/10\/enferme2-300x225.jpg 300w, https:\/\/entretormentas.com\/wp-content\/uploads\/2025\/10\/enferme2-768x576.jpg 768w, https:\/\/entretormentas.com\/wp-content\/uploads\/2025\/10\/enferme2.jpg 1080w\" sizes=\"(max-width: 1024px) 100vw, 1024px\" \/><\/figure>\n\n\n\n<p>La presidenta de la Misi\u00f3n Sonrisa y madrina de salud del Zulia, Georgina Siso, tambi\u00e9n estuvo presente en la actividad: \u201cHoy no solamente tenemos el primer Congreso Regional de Enfermer\u00eda aqu\u00ed en el estado Zulia, sino que se est\u00e1 haciendo a nivel nacional. Nunca pararemos de trabajar, porque el pueblo venezolano necesita felicidad, salud, amor, y eso es lo que hoy se est\u00e1 reflejando en la regi\u00f3n\u201d.<\/p>\n\n\n\n<p>La jornada inaugural dej\u00f3 en evidencia el compromiso del gremio enfermero con la investigaci\u00f3n, la \u00e9tica y el liderazgo comunitario. De esta manera, en el segundo d\u00eda del Congreso se espera continuar con el intercambio de saberes y experiencias que fortalezcan la atenci\u00f3n integral en todo el pa\u00eds.<br><strong><em>ET \/ Nota de Prensa<\/em><\/strong><\/p>\n","protected":false},"excerpt":{"rendered":"<p>ENTRE TORMENTAS. Con una asistencia entusiasta que supera los mil 800 profesionales del sistema integrado&#8230;<\/p>\n","protected":false},"author":2,"featured_media":23519,"comment_status":"closed","ping_status":"open","sticky":false,"template":"","format":"standard","meta":{"footnotes":""},"categories":[57,1],"tags":[],"class_list":["post-23516","post","type-post","status-publish","format-standard","has-post-thumbnail","hentry","category-actualidad","category-regionales"],"_links":{"self":[{"href":"https:\/\/entretormentas.com\/index.php?rest_route=\/wp\/v2\/posts\/23516","targetHints":{"allow":["GET"]}}],"collection":[{"href":"https:\/\/entretormentas.com\/index.php?rest_route=\/wp\/v2\/posts"}],"about":[{"href":"https:\/\/entretormentas.com\/index.php?rest_route=\/wp\/v2\/types\/post"}],"author":[{"embeddable":true,"href":"https:\/\/entretormentas.com\/index.php?rest_route=\/wp\/v2\/users\/2"}],"replies":[{"embeddable":true,"href":"https:\/\/entretormentas.com\/index.php?rest_route=%2Fwp%2Fv2%2Fcomments&post=23516"}],"version-history":[{"count":1,"href":"https:\/\/entretormentas.com\/index.php?rest_route=\/wp\/v2\/posts\/23516\/revisions"}],"predecessor-version":[{"id":23520,"href":"https:\/\/entretormentas.com\/index.php?rest_route=\/wp\/v2\/posts\/23516\/revisions\/23520"}],"wp:featuredmedia":[{"embeddable":true,"href":"https:\/\/entretormentas.com\/index.php?rest_route=\/wp\/v2\/media\/23519"}],"wp:attachment":[{"href":"https:\/\/entretormentas.com\/index.php?rest_route=%2Fwp%2Fv2%2Fmedia&parent=23516"}],"wp:term":[{"taxonomy":"category","embeddable":true,"href":"https:\/\/entretormentas.com\/index.php?rest_route=%2Fwp%2Fv2%2Fcategories&post=23516"},{"taxonomy":"post_tag","embeddable":true,"href":"https:\/\/entretormentas.com\/index.php?rest_route=%2Fwp%2Fv2%2Ftags&post=23516"}],"curies":[{"name":"wp","href":"https:\/\/api.w.org\/{rel}","templated":true}]}}