{"id":23539,"date":"2025-10-16T04:12:40","date_gmt":"2025-10-16T08:12:40","guid":{"rendered":"https:\/\/entretormentas.com\/?p=23539"},"modified":"2025-10-16T04:12:40","modified_gmt":"2025-10-16T08:12:40","slug":"paul-marquez-la-brecha-cambiaria-esta-representando-una-situacion-muy-complicada","status":"publish","type":"post","link":"https:\/\/entretormentas.com\/paul-marquez-la-brecha-cambiaria-esta-representando-una-situacion-muy-complicada\/","title":{"rendered":"PAUL M\u00c1RQUEZ: \u00abLa brecha cambiaria est\u00e1 representando una situaci\u00f3n muy complicada\u00bb"},"content":{"rendered":"\n<p><strong>ENTRE TORMENTAS. <\/strong>Durante la 48\u00aa Feria Expocomercial Ganadera celebrada en Rosario de Perij\u00e1, Pa\u00fal M\u00e1rquez, presidente de Fedec\u00e1maras Zulia, destac\u00f3 el impacto de la brecha cambiaria en la econom\u00eda regional, especialmente en el sector ganadero, lo que incluye las procesadoras de leche, enfatizando la necesidad de buscar soluciones conjuntas entre el sector privado y las autoridades nacionales y locales.<\/p>\n\n\n\n<p>M\u00e1rquez resalt\u00f3 la importancia del sector ganadero en la econom\u00eda zuliana y su papel en la generaci\u00f3n de alimentos a trav\u00e9s de toda su cadena de valor.<\/p>\n\n\n\n<p>\u00abLa generaci\u00f3n de alimentos es muy importante en su cadena de valor completa. No solamente el productor primario, sino todo lo que forma parte de la cadena. Todo lo que son plantas productoras, procesadoras de leche, los frigor\u00edficos, distribuidores de carne y, por supuesto, lo que llega al supermercado y lo que la gente puede comprar\u201d, expres\u00f3.<\/p>\n\n\n\n<p>El dirigente empresarial explic\u00f3 que, aunque el gremio busca resaltar los avances del sector, no puede dejar de lado las dificultades econ\u00f3micas que enfrentan los productores.<\/p>\n\n\n\n<figure class=\"wp-block-image size-full\"><img fetchpriority=\"high\" decoding=\"async\" width=\"768\" height=\"450\" src=\"https:\/\/entretormentas.com\/wp-content\/uploads\/2025\/10\/DIVISAS1.jpg\" alt=\"\" class=\"wp-image-23540\" srcset=\"https:\/\/entretormentas.com\/wp-content\/uploads\/2025\/10\/DIVISAS1.jpg 768w, https:\/\/entretormentas.com\/wp-content\/uploads\/2025\/10\/DIVISAS1-300x176.jpg 300w\" sizes=\"(max-width: 768px) 100vw, 768px\" \/><\/figure>\n\n\n\n<p>\u201cTenemos una buena representaci\u00f3n de animales, una buena representaci\u00f3n comercial. Creo que entre todo se suma a tratar de superar muchas de las dificultades que tenemos ahorita, que son bastantes. Sobre todo la parte econ\u00f3mica, que lo dije y lo hemos hablado en m\u00faltiples oportunidades\u201d, se\u00f1al\u00f3.<\/p>\n\n\n\n<p>M\u00e1rquez recalc\u00f3 que la brecha cambiaria est\u00e1 afectando no solo a los productores de alimentos, sino a todo el sector privado, generando inestabilidad y aumento del precio de los productos para el consumidor.<\/p>\n\n\n\n<p>\u201cSobre todo el tema cambiario, la brecha cambiaria, no solamente para el sector ganadero, sino para todo el sector empresarial, privado, est\u00e1 representando una situaci\u00f3n muy complicada. Hemos tenido reuniones importantes, reuniones aqu\u00ed en el estado Zulia, reuniones en Caracas, con sectores econ\u00f3micos, con economistas que manejan el tema, con sectores del gobierno nacional, el gobierno regional, tambi\u00e9n con los gobiernos municipales, tratando de hacer propuestas\u201d, explic\u00f3.<\/p>\n\n\n\n<p>Tambi\u00e9n advirti\u00f3 que la volatilidad del d\u00f3lar oficial incide directamente en los precios de los productos b\u00e1sicos.<\/p>\n\n\n\n<p>\u201cEsto no solamente perjudica al sector econ\u00f3mico, al sector privado, perjudica tambi\u00e9n al consumidor. El consumidor que busca en un anaquel un producto que d\u00eda a d\u00eda sube de precio, porque su tabulador es en base a d\u00f3lar BCV, y el d\u00f3lar BCV tambi\u00e9n sube todos los d\u00edas\u201d, detall\u00f3 M\u00e1rquez.<\/p>\n\n\n\n<p>Finalmente, hizo un llamado a promover la estabilidad econ\u00f3mica \u00abcomo hace unos a\u00f1os atr\u00e1s\u00bb, y a continuar fortaleciendo la producci\u00f3n regional, pese a los retos.<br><strong><em>ET \/ Foco Informativo<\/em><\/strong><\/p>\n\n\n\n<p><\/p>\n","protected":false},"excerpt":{"rendered":"<p>ENTRE TORMENTAS. Durante la 48\u00aa Feria Expocomercial Ganadera celebrada en Rosario de Perij\u00e1, Pa\u00fal M\u00e1rquez,&#8230;<\/p>\n","protected":false},"author":2,"featured_media":23541,"comment_status":"closed","ping_status":"open","sticky":false,"template":"","format":"standard","meta":{"footnotes":""},"categories":[56,49],"tags":[],"class_list":["post-23539","post","type-post","status-publish","format-standard","has-post-thumbnail","hentry","category-destacadas","category-nacionales"],"_links":{"self":[{"href":"https:\/\/entretormentas.com\/index.php?rest_route=\/wp\/v2\/posts\/23539","targetHints":{"allow":["GET"]}}],"collection":[{"href":"https:\/\/entretormentas.com\/index.php?rest_route=\/wp\/v2\/posts"}],"about":[{"href":"https:\/\/entretormentas.com\/index.php?rest_route=\/wp\/v2\/types\/post"}],"author":[{"embeddable":true,"href":"https:\/\/entretormentas.com\/index.php?rest_route=\/wp\/v2\/users\/2"}],"replies":[{"embeddable":true,"href":"https:\/\/entretormentas.com\/index.php?rest_route=%2Fwp%2Fv2%2Fcomments&post=23539"}],"version-history":[{"count":1,"href":"https:\/\/entretormentas.com\/index.php?rest_route=\/wp\/v2\/posts\/23539\/revisions"}],"predecessor-version":[{"id":23542,"href":"https:\/\/entretormentas.com\/index.php?rest_route=\/wp\/v2\/posts\/23539\/revisions\/23542"}],"wp:featuredmedia":[{"embeddable":true,"href":"https:\/\/entretormentas.com\/index.php?rest_route=\/wp\/v2\/media\/23541"}],"wp:attachment":[{"href":"https:\/\/entretormentas.com\/index.php?rest_route=%2Fwp%2Fv2%2Fmedia&parent=23539"}],"wp:term":[{"taxonomy":"category","embeddable":true,"href":"https:\/\/entretormentas.com\/index.php?rest_route=%2Fwp%2Fv2%2Fcategories&post=23539"},{"taxonomy":"post_tag","embeddable":true,"href":"https:\/\/entretormentas.com\/index.php?rest_route=%2Fwp%2Fv2%2Ftags&post=23539"}],"curies":[{"name":"wp","href":"https:\/\/api.w.org\/{rel}","templated":true}]}}