{"id":23561,"date":"2025-10-17T03:48:28","date_gmt":"2025-10-17T07:48:28","guid":{"rendered":"https:\/\/entretormentas.com\/?p=23561"},"modified":"2025-10-17T03:48:29","modified_gmt":"2025-10-17T07:48:29","slug":"en-el-oeste-de-maracaibo-alcaldia-despeja-calle-obstruida-y-colector-colapsado-en-el-barrio-andres-eloy-blanco","status":"publish","type":"post","link":"https:\/\/entretormentas.com\/en-el-oeste-de-maracaibo-alcaldia-despeja-calle-obstruida-y-colector-colapsado-en-el-barrio-andres-eloy-blanco\/","title":{"rendered":"\u00a1EN EL OESTE DE MARACAIBO! Alcald\u00eda despeja calle obstruida y colector colapsado en el barrio Andr\u00e9s Eloy Blanco"},"content":{"rendered":"\n<p><strong>ENTRE TORMENTAS. <\/strong>En tiempo r\u00e9cord, la Alcald\u00eda de Maracaibo destap\u00f3 un colector de aguas servidas colapsado desde hace seis a\u00f1os y obstru\u00eda por completo una calle en el barrio Andr\u00e9s Eloy Blanco, parroquia Cecilio Acosta, al oeste de la ciudad.<\/p>\n\n\n\n<p>Por la obstrucci\u00f3n de la tanquilla de aguas negras se acumularon desechos que imped\u00edan la circulaci\u00f3n de veh\u00edculos en la calle 99 del mencionado sector, diagonal a la edificaci\u00f3n conocida como \u2018El hospitalito\u2019.<\/p>\n\n\n\n<figure class=\"wp-block-image size-large\"><img fetchpriority=\"high\" decoding=\"async\" width=\"1024\" height=\"640\" src=\"https:\/\/entretormentas.com\/wp-content\/uploads\/2025\/10\/taponada2-1024x640.jpg\" alt=\"\" class=\"wp-image-23562\" srcset=\"https:\/\/entretormentas.com\/wp-content\/uploads\/2025\/10\/taponada2-1024x640.jpg 1024w, https:\/\/entretormentas.com\/wp-content\/uploads\/2025\/10\/taponada2-300x187.jpg 300w, https:\/\/entretormentas.com\/wp-content\/uploads\/2025\/10\/taponada2-768x480.jpg 768w, https:\/\/entretormentas.com\/wp-content\/uploads\/2025\/10\/taponada2-800x500.jpg 800w, https:\/\/entretormentas.com\/wp-content\/uploads\/2025\/10\/taponada2-400x250.jpg 400w, https:\/\/entretormentas.com\/wp-content\/uploads\/2025\/10\/taponada2.jpg 1194w\" sizes=\"(max-width: 1024px) 100vw, 1024px\" \/><\/figure>\n\n\n\n<p>La queja sobre esta monta\u00f1a de escombros fue planteada por los vecinos al director del despacho de la Alcald\u00eda, Gianluigi Di Martino, durante una megajornada de mercados populares que realiz\u00f3 la municipalidad el mi\u00e9rcoles 15 de octubre en la zona.<\/p>\n\n\n\n<p>Ese mismo d\u00eda, solo horas despu\u00e9s de ser recibido el reclamo vecinal, el funcionario \u2013siguiendo instrucciones del alcalde Giancarlo Di Martino y tras hacer una inspecci\u00f3n del \u00e1rea- orden\u00f3 el env\u00edo de personal y maquinarias para despejar la v\u00eda y resolver el problema del colector colapsado.<\/p>\n\n\n\n<p><strong>RESPUESTA INMEDIATA<\/strong><br>Al sitio se presentaron cuadrillas de trabajadores y maquinarias del Instituto Municipal del Aseo Urbano (Imau) y del Instituto Municipal del Ambiente (IMA), que solucionaron de forma inmediata el problema que aquejaba a las comunidades desde hace a\u00f1os.<\/p>\n\n\n\n<p>El presidente del Imau, Joemel Robles, dijo que esta iniciativa forma parte de las labores conjuntas que viene realizando el instituto a su cargo junto al IMA.<\/p>\n\n\n\n<p>Adem\u00e1s de atender el problema espec\u00edfico en la calle 99 de \u2018Andr\u00e9s Eloy Blanco\u2019, equipos de estos adscritos a la Alcald\u00eda de Maracaibo se encuentran realizando recolecci\u00f3n de desechos s\u00f3lidos en playones de basura de la parroquia Cecilio Acosta, en Gallo Verde, y la prolongaci\u00f3n de la circunvalaci\u00f3n dos.<\/p>\n\n\n\n<p><strong>GENTE QUE RESUELVE<\/strong><br>\u201cTen\u00edamos m\u00e1s de seis a\u00f1os con el problema de esa ca\u00f1ada, la basura y el colector, que ocasionaban inundaciones a las casas de varios vecinos\u201d, dijo Maribel Fern\u00e1ndez, jefa de la Ubch Eduardo Emiro Ferrer. \u201cLe damos las gracias al alcalde Giancarlo Di Martino; \u00e9l prometi\u00f3 que iba a solventar el problema y lo hizo. Como dice su slogan: es gente que resuelve\u201d.<\/p>\n\n\n\n<figure class=\"wp-block-image size-full\"><img decoding=\"async\" width=\"854\" height=\"841\" src=\"https:\/\/entretormentas.com\/wp-content\/uploads\/2025\/10\/taponada3.jpg\" alt=\"\" class=\"wp-image-23563\" srcset=\"https:\/\/entretormentas.com\/wp-content\/uploads\/2025\/10\/taponada3.jpg 854w, https:\/\/entretormentas.com\/wp-content\/uploads\/2025\/10\/taponada3-300x295.jpg 300w, https:\/\/entretormentas.com\/wp-content\/uploads\/2025\/10\/taponada3-768x756.jpg 768w\" sizes=\"(max-width: 854px) 100vw, 854px\" \/><\/figure>\n\n\n\n<p>\u201cEsto es una muestra de la articulaci\u00f3n de los cuatro niveles de Gobierno: Ejecutivo nacional, Gobernaci\u00f3n, Alcald\u00eda y Poder Popular\u201d, destac\u00f3, por su parte, Asmerio Millano, enlace del Psuv en la parroquia Cecilio Acosta.<\/p>\n\n\n\n<p>\u201cAgradecemos a nuestro alcalde, Giancarlo Di Martino, por haber realizado una jornada social para toda la comunidad, y de una vez aprovechamos para plantearle la problem\u00e1tica que viene afectando este sector por m\u00e1s de seis a\u00f1os con un colector que tapaba la calle\u201d, dijo el dirigente comunal.<\/p>\n\n\n\n<p>\u201cEsto era un desastre y el alcalde Di Martino dio una respuesta inmediata. Como dice \u00e9l mismo, es gente que resuelve porque acabaron con un problema que ten\u00eda muchos a\u00f1os\u201d, a\u00f1adi\u00f3 Millano.<br><strong><em>ET \/ Prensa Alcald\u00eda de Maracaibo<\/em><\/strong><\/p>\n\n\n\n<p><\/p>\n","protected":false},"excerpt":{"rendered":"<p>ENTRE TORMENTAS. En tiempo r\u00e9cord, la Alcald\u00eda de Maracaibo destap\u00f3 un colector de aguas servidas&#8230;<\/p>\n","protected":false},"author":2,"featured_media":23564,"comment_status":"closed","ping_status":"open","sticky":false,"template":"","format":"standard","meta":{"footnotes":""},"categories":[57,1],"tags":[],"class_list":["post-23561","post","type-post","status-publish","format-standard","has-post-thumbnail","hentry","category-actualidad","category-regionales"],"_links":{"self":[{"href":"https:\/\/entretormentas.com\/index.php?rest_route=\/wp\/v2\/posts\/23561","targetHints":{"allow":["GET"]}}],"collection":[{"href":"https:\/\/entretormentas.com\/index.php?rest_route=\/wp\/v2\/posts"}],"about":[{"href":"https:\/\/entretormentas.com\/index.php?rest_route=\/wp\/v2\/types\/post"}],"author":[{"embeddable":true,"href":"https:\/\/entretormentas.com\/index.php?rest_route=\/wp\/v2\/users\/2"}],"replies":[{"embeddable":true,"href":"https:\/\/entretormentas.com\/index.php?rest_route=%2Fwp%2Fv2%2Fcomments&post=23561"}],"version-history":[{"count":1,"href":"https:\/\/entretormentas.com\/index.php?rest_route=\/wp\/v2\/posts\/23561\/revisions"}],"predecessor-version":[{"id":23565,"href":"https:\/\/entretormentas.com\/index.php?rest_route=\/wp\/v2\/posts\/23561\/revisions\/23565"}],"wp:featuredmedia":[{"embeddable":true,"href":"https:\/\/entretormentas.com\/index.php?rest_route=\/wp\/v2\/media\/23564"}],"wp:attachment":[{"href":"https:\/\/entretormentas.com\/index.php?rest_route=%2Fwp%2Fv2%2Fmedia&parent=23561"}],"wp:term":[{"taxonomy":"category","embeddable":true,"href":"https:\/\/entretormentas.com\/index.php?rest_route=%2Fwp%2Fv2%2Fcategories&post=23561"},{"taxonomy":"post_tag","embeddable":true,"href":"https:\/\/entretormentas.com\/index.php?rest_route=%2Fwp%2Fv2%2Ftags&post=23561"}],"curies":[{"name":"wp","href":"https:\/\/api.w.org\/{rel}","templated":true}]}}